{"id":45863,"date":"2025-05-13T07:34:25","date_gmt":"2025-05-13T05:34:25","guid":{"rendered":"https:\/\/www.schepers-photography.de\/?p=45863"},"modified":"2026-04-27T13:13:20","modified_gmt":"2026-04-27T11:13:20","slug":"asparagus-dinnerfdp2025","status":"publish","type":"post","link":"https:\/\/www.schepers-photography.de\/en\/spargelessenfdp2025\/","title":{"rendered":"A place that connects - political celebrities and innovative power at the asparagus dinner of the R\u00f6merberg-Dudenhofen FDP community association on Mother's Day."},"content":{"rendered":"\n<div class=\"wp-block-group has-global-padding is-layout-constrained wp-block-group-is-layout-constrained\">\n<div class=\"wp-block-werbesofa-core-overlay alignfull is-position-bottom-left\" style=\"min-height:65rem;background-image:url();background-position:50% 50%;background-size:cover\"><div class=\"wp-block-werbesofa-core-overlay-innerblocks-container\"><div class=\"wp-block-werbesofa-core-overlay-innerblocks\">\n<div class=\"wp-block-werbesofa-core-spacer top left\" style=\"color:#fff;height:6rem\"><svg xmlns=\"http:\/\/www.w3.org\/2000\/svg\" viewBox=\"0 0 1440 320\" preserveAspectRatio=\"none\"><path fill=\"currentColor\" fill-opacity=\"1\" d=\"M0,160L48,144C96,128,192,96,288,96C384,96,480,128,576,122.7C672,117,768,75,864,96C960,117,1056,203,1152,229.3C1248,256,1344,224,1392,208L1440,192L1440,320L1392,320C1344,320,1248,320,1152,320C1056,320,960,320,864,320C768,320,672,320,576,320C480,320,384,320,288,320C192,320,96,320,48,320L0,320Z\"><\/path><\/svg><\/div>\n\n\n\n<div class=\"wp-block-werbesofa-core-overlay-background !z-0 w-full !absolute overflow-hidden left-0 top-0 h-full\"><div>\n<div class=\"wp-block-werbesofa-core-slider\"><div class=\"splide\" data-splide=\"{&quot;type&quot;:&quot;fade&quot;,&quot;rewind&quot;:true,&quot;speed&quot;:2000,&quot;rewindSpeed&quot;:1500,&quot;rewindByDrag&quot;:false,&quot;perPage&quot;:1,&quot;perMove&quot;:1,&quot;gap&quot;:&quot;0rem&quot;,&quot;arrows&quot;:true,&quot;pagination&quot;:true,&quot;paginationKeyboard&quot;:true,&quot;paginationDirection&quot;:&quot;ltr&quot;,&quot;drag&quot;:true,&quot;snap&quot;:false,&quot;autoplay&quot;:true,&quot;interval&quot;:3000,&quot;pauseOnFocus&quot;:false,&quot;pauseOnHover&quot;:false,&quot;keyboard&quot;:true,&quot;direction&quot;:&quot;ltr&quot;,&quot;cover&quot;:false,&quot;autoWidth&quot;:false,&quot;autoHeight&quot;:false,&quot;fixedWidth&quot;:&quot;&quot;,&quot;height&quot;:&quot;75rem&quot;,&quot;breakpoints&quot;:{&quot;640&quot;:{&quot;perPage&quot;:1,&quot;perMove&quot;:1},&quot;768&quot;:{&quot;perPage&quot;:1,&quot;perMove&quot;:1},&quot;993&quot;:{&quot;perPage&quot;:1,&quot;perMove&quot;:1},&quot;1024&quot;:{&quot;perPage&quot;:1,&quot;perMove&quot;:1}}}\"><div class=\"splide__track\"><ul class=\"splide__list\">\n<li class=\"splide__slide\"><div class=\"wp-block-werbesofa-core-slider-slide\">\n<div class=\"wp-block-cover is-light\" style=\"min-height:65rem;aspect-ratio:unset;\"><img decoding=\"async\" width=\"2000\" height=\"1331\" class=\"wp-block-cover__image-background wp-image-45557 size-full\" alt=\"\" src=\"https:\/\/www.schepers-photography.de\/wp-content\/uploads\/2025\/05\/Projekt__Spargelessen_2025_110525_112219_400_2683.jpg\" style=\"object-position:50% 44%\" data-object-fit=\"cover\" data-object-position=\"50% 44%\" srcset=\"https:\/\/www.schepers-photography.de\/wp-content\/uploads\/2025\/05\/Projekt__Spargelessen_2025_110525_112219_400_2683.jpg 2000w, https:\/\/www.schepers-photography.de\/wp-content\/uploads\/2025\/05\/Projekt__Spargelessen_2025_110525_112219_400_2683-300x200.jpg 300w, https:\/\/www.schepers-photography.de\/wp-content\/uploads\/2025\/05\/Projekt__Spargelessen_2025_110525_112219_400_2683-1024x681.jpg 1024w, https:\/\/www.schepers-photography.de\/wp-content\/uploads\/2025\/05\/Projekt__Spargelessen_2025_110525_112219_400_2683-768x511.jpg 768w, https:\/\/www.schepers-photography.de\/wp-content\/uploads\/2025\/05\/Projekt__Spargelessen_2025_110525_112219_400_2683-60x40.jpg 60w, https:\/\/www.schepers-photography.de\/wp-content\/uploads\/2025\/05\/Projekt__Spargelessen_2025_110525_112219_400_2683-480x319.jpg 480w, https:\/\/www.schepers-photography.de\/wp-content\/uploads\/2025\/05\/Projekt__Spargelessen_2025_110525_112219_400_2683-560x373.jpg 560w, https:\/\/www.schepers-photography.de\/wp-content\/uploads\/2025\/05\/Projekt__Spargelessen_2025_110525_112219_400_2683-1920x1278.jpg 1920w, https:\/\/www.schepers-photography.de\/wp-content\/uploads\/2025\/05\/Projekt__Spargelessen_2025_110525_112219_400_2683-1536x1022.jpg 1536w, https:\/\/www.schepers-photography.de\/wp-content\/uploads\/2025\/05\/Projekt__Spargelessen_2025_110525_112219_400_2683-18x12.jpg 18w\" sizes=\"(max-width: 2000px) 100vw, 2000px\" \/><span aria-hidden=\"true\" class=\"wp-block-cover__background has-background-dim-0 has-background-dim\" style=\"background-color:#b7b6b1\"><\/span><div class=\"wp-block-cover__inner-container has-global-padding is-layout-constrained wp-block-cover-is-layout-constrained\">\n<p class=\"has-text-align-center has-large-font-size\"><\/p>\n<\/div><\/div>\n<\/div><\/li>\n\n\n\n<li class=\"splide__slide\"><div class=\"wp-block-werbesofa-core-slider-slide\">\n<div class=\"wp-block-cover is-light\" style=\"min-height:65rem;aspect-ratio:unset;\"><img decoding=\"async\" width=\"2000\" height=\"1331\" class=\"wp-block-cover__image-background wp-image-45422 size-full\" alt=\"FDP Spargelessen 2025\" src=\"https:\/\/www.schepers-photography.de\/wp-content\/uploads\/2025\/05\/Projekt__Spargelessen_2025_110525_124259_110_2799.jpg\" data-object-fit=\"cover\" srcset=\"https:\/\/www.schepers-photography.de\/wp-content\/uploads\/2025\/05\/Projekt__Spargelessen_2025_110525_124259_110_2799.jpg 2000w, https:\/\/www.schepers-photography.de\/wp-content\/uploads\/2025\/05\/Projekt__Spargelessen_2025_110525_124259_110_2799-300x200.jpg 300w, https:\/\/www.schepers-photography.de\/wp-content\/uploads\/2025\/05\/Projekt__Spargelessen_2025_110525_124259_110_2799-1024x681.jpg 1024w, https:\/\/www.schepers-photography.de\/wp-content\/uploads\/2025\/05\/Projekt__Spargelessen_2025_110525_124259_110_2799-768x511.jpg 768w, https:\/\/www.schepers-photography.de\/wp-content\/uploads\/2025\/05\/Projekt__Spargelessen_2025_110525_124259_110_2799-60x40.jpg 60w, https:\/\/www.schepers-photography.de\/wp-content\/uploads\/2025\/05\/Projekt__Spargelessen_2025_110525_124259_110_2799-480x319.jpg 480w, https:\/\/www.schepers-photography.de\/wp-content\/uploads\/2025\/05\/Projekt__Spargelessen_2025_110525_124259_110_2799-560x373.jpg 560w, https:\/\/www.schepers-photography.de\/wp-content\/uploads\/2025\/05\/Projekt__Spargelessen_2025_110525_124259_110_2799-1920x1278.jpg 1920w, https:\/\/www.schepers-photography.de\/wp-content\/uploads\/2025\/05\/Projekt__Spargelessen_2025_110525_124259_110_2799-1536x1022.jpg 1536w, https:\/\/www.schepers-photography.de\/wp-content\/uploads\/2025\/05\/Projekt__Spargelessen_2025_110525_124259_110_2799-18x12.jpg 18w\" sizes=\"(max-width: 2000px) 100vw, 2000px\" \/><span aria-hidden=\"true\" class=\"wp-block-cover__background has-background-dim-0 has-background-dim\" style=\"background-color:#b48c74\"><\/span><div class=\"wp-block-cover__inner-container has-global-padding is-layout-constrained wp-block-cover-is-layout-constrained\">\n<p class=\"has-text-align-center has-large-font-size\"><\/p>\n<\/div><\/div>\n<\/div><\/li>\n\n\n\n<li class=\"splide__slide\"><div class=\"wp-block-werbesofa-core-slider-slide\">\n<div class=\"wp-block-cover is-light\" style=\"min-height:65rem;aspect-ratio:unset;\"><img decoding=\"async\" width=\"2545\" height=\"1318\" class=\"wp-block-cover__image-background wp-image-45591 size-full\" alt=\"FDP Spargelessen 2025\" src=\"https:\/\/www.schepers-photography.de\/wp-content\/uploads\/2025\/05\/TopBanner.jpg\" data-object-fit=\"cover\" srcset=\"https:\/\/www.schepers-photography.de\/wp-content\/uploads\/2025\/05\/TopBanner.jpg 2545w, https:\/\/www.schepers-photography.de\/wp-content\/uploads\/2025\/05\/TopBanner-300x155.jpg 300w, https:\/\/www.schepers-photography.de\/wp-content\/uploads\/2025\/05\/TopBanner-1024x530.jpg 1024w, https:\/\/www.schepers-photography.de\/wp-content\/uploads\/2025\/05\/TopBanner-768x398.jpg 768w, https:\/\/www.schepers-photography.de\/wp-content\/uploads\/2025\/05\/TopBanner-60x31.jpg 60w, https:\/\/www.schepers-photography.de\/wp-content\/uploads\/2025\/05\/TopBanner-480x249.jpg 480w, https:\/\/www.schepers-photography.de\/wp-content\/uploads\/2025\/05\/TopBanner-560x290.jpg 560w, https:\/\/www.schepers-photography.de\/wp-content\/uploads\/2025\/05\/TopBanner-1920x994.jpg 1920w, https:\/\/www.schepers-photography.de\/wp-content\/uploads\/2025\/05\/TopBanner-1536x795.jpg 1536w, https:\/\/www.schepers-photography.de\/wp-content\/uploads\/2025\/05\/TopBanner-2048x1061.jpg 2048w, https:\/\/www.schepers-photography.de\/wp-content\/uploads\/2025\/05\/TopBanner-18x9.jpg 18w\" sizes=\"(max-width: 2545px) 100vw, 2545px\" \/><span aria-hidden=\"true\" class=\"wp-block-cover__background has-background-dim-0 has-background-dim\" style=\"background-color:#a28c80\"><\/span><div class=\"wp-block-cover__inner-container has-global-padding is-layout-constrained wp-block-cover-is-layout-constrained\">\n<p class=\"has-text-align-center has-large-font-size\"><\/p>\n<\/div><\/div>\n<\/div><\/li>\n<\/ul><\/div><\/div><\/div>\n<\/div><\/div>\n\n\n\n<div style=\"background-color:#ffff00d6;padding-top:var(--wp--preset--spacing--40);padding-right:var(--wp--preset--spacing--40);padding-bottom:var(--wp--preset--spacing--40);padding-left:var(--wp--preset--spacing--40);max-width:30rem;border-radius:0.5rem\" class=\"wp-block-werbesofa-core-overlay-content has-contrast-color has-text-color has-background has-link-color wp-elements-d50e58b05f02996638b458de7875c135\"><div>\n<h2 class=\"wp-block-heading\" style=\"margin-bottom:var(--wp--preset--spacing--30);font-size:clamp(0.875rem, 0.875rem + ((1vw - 0.2rem) * 0.625), 1.25rem);font-style:normal;font-weight:600\">Ein Ort, der verbindet \u2013 Politprominenz und Innovationskraft beim Spargelessen des FDP-Gemeindeverbands R\u00f6merberg-Dudenhofen und das am Muttertag.<\/h2>\n\n\n\n<p style=\"padding-top:var(--wp--preset--spacing--40);padding-right:var(--wp--preset--spacing--40);padding-bottom:var(--wp--preset--spacing--40);padding-left:var(--wp--preset--spacing--40)\">Letzte \u00c4nderung: 11.05.2025 20:17Uhr. <br><strong>Text: <\/strong>Michael Schepers<\/p>\n<\/div><\/div>\n\n\n\n<div class=\"wp-block-werbesofa-core-spacer bottom left\" style=\"color:#f8f8f8;height:6rem\"><svg xmlns=\"http:\/\/www.w3.org\/2000\/svg\" viewBox=\"0 0 1440 320\" preserveAspectRatio=\"none\"><path fill=\"currentColor\" fill-opacity=\"1\" d=\"M0,0L48,32C96,64,192,128,288,165.3C384,203,480,213,576,208C672,203,768,181,864,176C960,171,1056,181,1152,160C1248,139,1344,85,1392,58.7L1440,32L1440,320L1392,320C1344,320,1248,320,1152,320C1056,320,960,320,864,320C768,320,672,320,576,320C480,320,384,320,288,320C192,320,96,320,48,320L0,320Z\"><\/path><\/svg><\/div>\n<\/div><\/div><\/div>\n<\/div>\n\n\n\n<div class=\"wp-block-group has-global-padding is-layout-constrained wp-block-group-is-layout-constrained\" style=\"padding-top:var(--wp--preset--spacing--60);padding-bottom:var(--wp--preset--spacing--60)\">\n<div class=\"wp-block-werbesofa-core-spacer bottom left\" style=\"color:#ffffff;height:3rem\"><svg xmlns=\"http:\/\/www.w3.org\/2000\/svg\" viewBox=\"0 0 1440 320\" preserveAspectRatio=\"none\"><path fill=\"currentColor\" fill-opacity=\"1\" d=\"M0,32L40,64C80,96,160,160,240,181.3C320,203,400,181,480,197.3C560,213,640,267,720,261.3C800,256,880,192,960,154.7C1040,117,1120,107,1200,85.3C1280,64,1360,32,1400,16L1440,0L1440,320L1400,320C1360,320,1280,320,1200,320C1120,320,1040,320,960,320C880,320,800,320,720,320C640,320,560,320,480,320C400,320,320,320,240,320C160,320,80,320,40,320L0,320Z\"><\/path><\/svg><\/div>\n\n\n\n<div class=\"wp-block-columns alignwide is-layout-flex wp-container-core-columns-is-layout-f3a7ff92 wp-block-columns-is-layout-flex\">\n<div class=\"wp-block-column is-layout-flow wp-container-core-column-is-layout-119bc444 wp-block-column-is-layout-flow\">\n<p><strong><strong>Wenn der Spargel ruft \u2013 Die FDP und die wirtschaftspolitische Vernunft in R\u00f6merberg-Dudenhofen<\/strong><\/strong><\/p>\n\n\n\n<p><em>R\u00f6merberg-Dudenhofen.<\/em><\/p>\n\n\n\n<p>Es gibt Termine, da trifft kulinarischer Genuss auf politischen Weitblick \u2013 und das mit einer Strahlkraft, die weit \u00fcber Ortsgrenzen hinausreicht. Das traditionelle Spargelessen des FDP-Gemeindeverbands R\u00f6merberg-Dudenhofen ist genau ein solcher Anlass. Wo einst Gr\u00f6\u00dfen wie Hans-Dietrich Genscher oder Christian Lindner zu Gast waren, reiht sich heute mit Stolz ein, was liberalen Geist und wirtschaftliche Verantwortung verk\u00f6rpert. Mit hochkar\u00e4tigen G\u00e4sten, pointierten Reden und einem klaren Bekenntnis zur Mitte der Gesellschaft wurde beim 46. Spargelessen ein starkes Zeichen gesetzt \u2013 f\u00fcr wirtschaftliche Vernunft, unternehmerisches Denken und europ\u00e4ische Verantwortung.<\/p>\n\n\n\n<p><strong>Prominenz und Pragmatismus<\/strong><\/p>\n\n\n\n<p>Mit Marie-Agnes Strack-Zimmermann, Mitglied des Europ\u00e4ischen Parlaments und Vorsitzende des Verteidigungsausschusses, der rheinland-pf\u00e4lzischen Wirtschaftsministerin Daniela Schmitt sowie Dr. Katja Scharpwinkel aus dem Vorstand der BASF SE versammelte sich politische und wirtschaftliche Kompetenz in R\u00f6merberg. Der Austausch zwischen Unternehmern, Politik und Gesellschaft war dabei mehr als nur feierliches Beisammensein \u2013 er war Ausdruck eines liberalen Grundverst\u00e4ndnisses: Freiheit braucht Verantwortung, Wohlstand braucht Verl\u00e4sslichkeit, <strong>Fortschritt braucht Mut.<\/strong><\/p>\n\n\n\n<p><strong>BASF: Verantwortung unter Druck \u2013 und mit Weitsicht<\/strong><\/p>\n\n\n\n<p>Dr. Scharpwinkel betonte eindr\u00fccklich, wie tiefgreifend die Herausforderungen f\u00fcr den Industriestandort Deutschland derzeit sind: Energiepreise, geopolitische Verwerfungen und eine stagnierende Nachfrage setzen selbst Weltkonzernen wie der BASF zu. Doch statt Lamentieren hei\u00dft die Devise in Ludwigshafen: Kurs halten. Mit klarer Strategie, regionaler Fertigung und dem Ziel, Europas f\u00fchrender nachhaltiger Chemiestandort zu werden, zeigt BASF, wie Transformation gelingt \u2013 wenn die politischen Rahmenbedingungen mitspielen.<\/p>\n\n\n\n<p>Ihr Appell: \u201eJetzt braucht es mehr als nur Signale aus Br\u00fcssel und Berlin \u2013 es braucht Taten. Unternehmen brauchen Planungssicherheit, verl\u00e4ssliche Energiepreise und den politischen Mut zur Priorisierung wirtschaftlicher St\u00e4rke.\u201c Eine Forderung, der sich nicht nur die Unternehmer vor Ort anschlie\u00dfen konnten, sondern die auch die FDP mit ihrer Wirtschaftskompetenz l\u00e4ngst zur zentralen Leitlinie erhoben hat.<\/p>\n\n\n\n<p><strong>Liberale Handschrift: Verantwortung f\u00fcr Freiheit und Fortschritt<\/strong><\/p>\n\n\n\n<p>Marie-Agnes Strack-Zimmermann erinnerte in ihrer Rede an Europas Verpflichtung zur Verteidigung von Freiheit und Wohlstand \u2013 nicht mit Angstmacherei, sondern mit Haltung. \u201eWas Europa jetzt braucht, sind kluge K\u00f6pfe und keine Angst vor der Angst.\u201c Ihre Worte trafen den Nerv eines Publikums, das sich nicht nach einfachen Parolen sehnt, sondern nach l\u00f6sungsorientierter Politik.<\/p>\n<\/div>\n\n\n\n<div class=\"wp-block-column is-layout-flow wp-container-core-column-is-layout-119bc444 wp-block-column-is-layout-flow\">\n<p>Auch FDP-Landesvorsitzende Daniela Schmitt unterstrich: \u201eWir brauchen ein wirtschaftliches Umfeld, das Innovation erm\u00f6glicht statt blockiert. Rheinland-Pfalz muss Industrieland bleiben \u2013 klimafreundlich, modern und offen f\u00fcr neue Ideen.\u201c Dass diese Ideen im engen Austausch mit Unternehmen wie dem Heiztechnik-Pionier K\u00dcBLER aus Ludwigshafen weiterentwickelt werden, macht das Spargelessen auch zu einem Marktplatz f\u00fcr Zukunftsgestaltung.<\/p>\n\n\n\n<p><strong>Ein Ort der Begegnung, der Bedeutung hat<\/strong><\/p>\n\n\n\n<p>Dass dieses Treffen m\u00f6glich ist, verdankt sich dem unerm\u00fcdlichen Engagement des FDP-Gemeindeverbands \u2013 angef\u00fchrt von Justus Rabe und Ehrenvorsitzendem J\u00fcrgen Creutzmann. Letzterer war es, der das Spargelessen 1978 aus der Taufe hob und dessen liberale Handschrift bis heute sp\u00fcrbar bleibt. Ein besonderer Dank galt auch der Liedertafel Dudenhofen, die mit musikalischem Charme und organisatorischem Einsatz das Fundament f\u00fcr das Gelingen des Tages legte.<\/p>\n\n\n\n<p><strong>Fazit: Kein Festakt wie jeder andere<\/strong><\/p>\n\n\n\n<p>Das Spargelessen der FDP R\u00f6merberg-Dudenhofen ist mehr als ein Ort f\u00fcr kulinarischen Genuss. Es ist ein Ort der liberalen Selbstvergewisserung. Ein Ort, an dem kluge Politik auf wirtschaftlichen Sachverstand trifft. Und ein Ort, an dem deutlich wird: Wer Zukunft gestalten will, muss Freiheit wirtschaftlich denken, Verantwortung politisch leben \u2013 und die Gesellschaft als Gemeinschaft verstehen.<\/p>\n\n\n\n<p>Oder, wie es eine Rednerin charmant zusammenfasste: <strong>\u201eHier gibt\u2019s nicht nur Spargel mit Sauce Hollandaise \u2013 hier gibt\u2019s auch Inhalte mit Substanz.\u201c<\/strong><\/p>\n\n\n\n<p class=\"has-primary-color has-text-color has-link-color has-extra-large-font-size wp-elements-95ebd651285e71ed10a15407fbbf7fc3\"><strong>Bildnutzung im Rahmen der \u00d6ffentlichkeitsarbeit<\/strong><\/p>\n\n\n\n<p>Die hier bereitgestellten Bilder sind <strong>zur PR-Nutzung im Zusammenhang mit der Veranstaltung freigegeben.<\/strong> Eine weitergehende Nutzung \u2013 insbesondere f\u00fcr kommerzielle oder werbliche Zwecke \u2013 ist ausschlie\u00dflich nach vorheriger schriftlicher Genehmigung zul\u00e4ssig. Im Rahmen der \u00d6ffentlichkeitsarbeit d\u00fcrfen die Bilder unter Angabe des Urhebers wie folgt verwendet werden. <\/p>\n\n\n\n<p class=\"has-large-font-size\"><strong>Foto:<\/strong> Schepers-Photography.de f\u00fcr FDP R\u00f6merberg-Dudenhofen <\/p>\n\n\n\n<p>Bei Ver\u00f6ffentlichung in sozialen Medien ist entweder eine <strong>sichtbare Nennung im Text o<\/strong>der eine <strong>g\u00e4ngige Verlinkung <\/strong>des Urhebers gegeben. <strong>Bitte beachten: <\/strong>Das Copyright darf nicht direkt in das Bild eingef\u00fcgt werden. Damit das Bild nicht gest\u00f6rt wird, eine Verlinkung im Bild ist hingegen f\u00fcr Social Media in Ordnung.<br>F\u00fcr alle weiteren Nutzungsanfragen wenden Sie sich bitte an: <a href=\"https:\/\/schepers-photography.de\">Schepers-Photography.de<\/a><\/p>\n<\/div>\n<\/div>\n<\/div>\n\n\n\n<div class=\"wp-block-group has-secondary-background-color has-background has-global-padding is-layout-constrained wp-block-group-is-layout-constrained\">\n<div class=\"wp-block-werbesofa-core-masonry alignfull has-lightbox\" style=\"gap:0.125rem;columns:9rem\"><div class=\"masonry-item\" style=\"padding-top:0.125rem\"><a href=\"https:\/\/www.schepers-photography.de\/wp-content\/uploads\/2025\/05\/Projekt__Spargelessen_2025_110525_133507_910_8518.jpg\" class=\"flex overflow-hidden\" style=\"border-radius:0rem\"><img decoding=\"async\" src=\"https:\/\/www.schepers-photography.de\/wp-content\/uploads\/2025\/05\/Projekt__Spargelessen_2025_110525_133507_910_8518-150x150.jpg\" alt=\"\"\/><\/a><\/div><div class=\"masonry-item\" style=\"padding-top:0.125rem\"><a href=\"https:\/\/www.schepers-photography.de\/wp-content\/uploads\/2025\/05\/Projekt__Spargelessen_2025_110525_133004_490_8499.jpg\" class=\"flex overflow-hidden\" style=\"border-radius:0rem\"><img decoding=\"async\" src=\"https:\/\/www.schepers-photography.de\/wp-content\/uploads\/2025\/05\/Projekt__Spargelessen_2025_110525_133004_490_8499-150x150.jpg\" alt=\"Person h\u00e4lt Mikrofon bei Veranstaltung\"\/><\/a><\/div><div class=\"masonry-item\" style=\"padding-top:0.125rem\"><a href=\"https:\/\/www.schepers-photography.de\/wp-content\/uploads\/2025\/05\/Projekt__Spargelessen_2025_110525_132812_980_8465.jpg\" class=\"flex overflow-hidden\" style=\"border-radius:0rem\"><img decoding=\"async\" src=\"https:\/\/www.schepers-photography.de\/wp-content\/uploads\/2025\/05\/Projekt__Spargelessen_2025_110525_132812_980_8465-150x150.jpg\" alt=\"Person spricht in ein Mikrofon\"\/><\/a><\/div><div class=\"masonry-item\" style=\"padding-top:0.125rem\"><a href=\"https:\/\/www.schepers-photography.de\/wp-content\/uploads\/2025\/05\/Projekt__Spargelessen_2025_110525_132806_700_8457.jpg\" class=\"flex overflow-hidden\" style=\"border-radius:0rem\"><img decoding=\"async\" src=\"https:\/\/www.schepers-photography.de\/wp-content\/uploads\/2025\/05\/Projekt__Spargelessen_2025_110525_132806_700_8457-150x150.jpg\" alt=\"Mann in blauem Anzug bei Meeting\"\/><\/a><\/div><div class=\"masonry-item\" style=\"padding-top:0.125rem\"><a href=\"https:\/\/www.schepers-photography.de\/wp-content\/uploads\/2025\/05\/Projekt__Spargelessen_2025_110525_132733_670_8448.jpg\" class=\"flex overflow-hidden\" style=\"border-radius:0rem\"><img decoding=\"async\" src=\"https:\/\/www.schepers-photography.de\/wp-content\/uploads\/2025\/05\/Projekt__Spargelessen_2025_110525_132733_670_8448-150x150.jpg\" alt=\"Person spricht mit Mikrofon\"\/><\/a><\/div><div class=\"masonry-item\" style=\"padding-top:0.125rem\"><a href=\"https:\/\/www.schepers-photography.de\/wp-content\/uploads\/2025\/05\/Projekt__Spargelessen_2025_110525_125049_100_2828.jpg\" class=\"flex overflow-hidden\" style=\"border-radius:0rem\"><img decoding=\"async\" src=\"https:\/\/www.schepers-photography.de\/wp-content\/uploads\/2025\/05\/Projekt__Spargelessen_2025_110525_125049_100_2828-150x150.jpg\" alt=\"Spargel mit Schnitzel und Kartoffeln auf Teller\"\/><\/a><\/div><div class=\"masonry-item\" style=\"padding-top:0.125rem\"><a href=\"https:\/\/www.schepers-photography.de\/wp-content\/uploads\/2025\/05\/Projekt__Spargelessen_2025_110525_124345_020_2817.jpg\" class=\"flex overflow-hidden\" style=\"border-radius:0rem\"><img decoding=\"async\" src=\"https:\/\/www.schepers-photography.de\/wp-content\/uploads\/2025\/05\/Projekt__Spargelessen_2025_110525_124345_020_2817-150x150.jpg\" alt=\"FDP-Mitglieder bei einer Besprechung in einem Konferenzraum.\"\/><\/a><\/div><div class=\"masonry-item\" style=\"padding-top:0.125rem\"><a href=\"https:\/\/www.schepers-photography.de\/wp-content\/uploads\/2025\/05\/Projekt__Spargelessen_2025_110525_124329_940_2811.jpg\" class=\"flex overflow-hidden\" style=\"border-radius:0rem\"><img decoding=\"async\" src=\"https:\/\/www.schepers-photography.de\/wp-content\/uploads\/2025\/05\/Projekt__Spargelessen_2025_110525_124329_940_2811-150x150.jpg\" alt=\"Menschen feiern in einem festlichen Saal.\"\/><\/a><\/div><div class=\"masonry-item\" style=\"padding-top:0.125rem\"><a href=\"https:\/\/www.schepers-photography.de\/wp-content\/uploads\/2025\/05\/Projekt__Spargelessen_2025_110525_124313_490_2804.jpg\" class=\"flex overflow-hidden\" style=\"border-radius:0rem\"><img decoding=\"async\" src=\"https:\/\/www.schepers-photography.de\/wp-content\/uploads\/2025\/05\/Projekt__Spargelessen_2025_110525_124313_490_2804-150x150.jpg\" alt=\"Person spricht vor Gruppe in hellem Saal.\"\/><\/a><\/div><div class=\"masonry-item\" style=\"padding-top:0.125rem\"><a href=\"https:\/\/www.schepers-photography.de\/wp-content\/uploads\/2025\/05\/Projekt__Spargelessen_2025_110525_121903_180_8430.jpg\" class=\"flex overflow-hidden\" style=\"border-radius:0rem\"><img decoding=\"async\" src=\"https:\/\/www.schepers-photography.de\/wp-content\/uploads\/2025\/05\/Projekt__Spargelessen_2025_110525_121903_180_8430-150x150.jpg\" alt=\"Menschen bei einem Treffen in einem Saal\"\/><\/a><\/div><div class=\"masonry-item\" style=\"padding-top:0.125rem\"><a href=\"https:\/\/www.schepers-photography.de\/wp-content\/uploads\/2025\/05\/Projekt__Spargelessen_2025_110525_121848_280_2786.jpg\" class=\"flex overflow-hidden\" style=\"border-radius:0rem\"><img decoding=\"async\" src=\"https:\/\/www.schepers-photography.de\/wp-content\/uploads\/2025\/05\/Projekt__Spargelessen_2025_110525_121848_280_2786-150x150.jpg\" alt=\"Person spricht bei einer Veranstaltung mit Publikum.\"\/><\/a><\/div><div class=\"masonry-item\" style=\"padding-top:0.125rem\"><a href=\"https:\/\/www.schepers-photography.de\/wp-content\/uploads\/2025\/05\/Projekt__Spargelessen_2025_110525_121835_230_8425.jpg\" class=\"flex overflow-hidden\" style=\"border-radius:0rem\"><img decoding=\"async\" src=\"https:\/\/www.schepers-photography.de\/wp-content\/uploads\/2025\/05\/Projekt__Spargelessen_2025_110525_121835_230_8425-150x150.jpg\" alt=\"Frau spricht bei Konferenz vor Publikum mit Mikrofon.\"\/><\/a><\/div><div class=\"masonry-item\" style=\"padding-top:0.125rem\"><a href=\"https:\/\/www.schepers-photography.de\/wp-content\/uploads\/2025\/05\/Projekt__Spargelessen_2025_110525_121835_110_2781.jpg\" class=\"flex overflow-hidden\" style=\"border-radius:0rem\"><img decoding=\"async\" src=\"https:\/\/www.schepers-photography.de\/wp-content\/uploads\/2025\/05\/Projekt__Spargelessen_2025_110525_121835_110_2781-150x150.jpg\" alt=\"Frau spricht bei FDP-Veranstaltung in Holzsaal.\"\/><\/a><\/div><div class=\"masonry-item\" style=\"padding-top:0.125rem\"><a href=\"https:\/\/www.schepers-photography.de\/wp-content\/uploads\/2025\/05\/Projekt__Spargelessen_2025_110525_121835_100_8423.jpg\" class=\"flex overflow-hidden\" style=\"border-radius:0rem\"><img decoding=\"async\" src=\"https:\/\/www.schepers-photography.de\/wp-content\/uploads\/2025\/05\/Projekt__Spargelessen_2025_110525_121835_100_8423-150x150.jpg\" alt=\"Person h\u00e4lt Rede bei Veranstaltung\"\/><\/a><\/div><div class=\"masonry-item\" style=\"padding-top:0.125rem\"><a href=\"https:\/\/www.schepers-photography.de\/wp-content\/uploads\/2025\/05\/Projekt__Spargelessen_2025_110525_121809_680_8401.jpg\" class=\"flex overflow-hidden\" style=\"border-radius:0rem\"><img decoding=\"async\" src=\"https:\/\/www.schepers-photography.de\/wp-content\/uploads\/2025\/05\/Projekt__Spargelessen_2025_110525_121809_680_8401-150x150.jpg\" alt=\"Person h\u00e4lt Rede bei Veranstaltung.\"\/><\/a><\/div><div class=\"masonry-item\" style=\"padding-top:0.125rem\"><a href=\"https:\/\/www.schepers-photography.de\/wp-content\/uploads\/2025\/05\/Projekt__Spargelessen_2025_110525_121652_460_8341.jpg\" class=\"flex overflow-hidden\" style=\"border-radius:0rem\"><img decoding=\"async\" src=\"https:\/\/www.schepers-photography.de\/wp-content\/uploads\/2025\/05\/Projekt__Spargelessen_2025_110525_121652_460_8341-150x150.jpg\" alt=\"Person h\u00e4lt Rede bei Meeting\"\/><\/a><\/div><div class=\"masonry-item\" style=\"padding-top:0.125rem\"><a href=\"https:\/\/www.schepers-photography.de\/wp-content\/uploads\/2025\/05\/Projekt__Spargelessen_2025_110525_121639_330_8321.jpg\" class=\"flex overflow-hidden\" style=\"border-radius:0rem\"><img decoding=\"async\" src=\"https:\/\/www.schepers-photography.de\/wp-content\/uploads\/2025\/05\/Projekt__Spargelessen_2025_110525_121639_330_8321-150x150.jpg\" alt=\"Person spricht in Mikrofon, Versammlung im Hintergrund.\"\/><\/a><\/div><div class=\"masonry-item\" style=\"padding-top:0.125rem\"><a href=\"https:\/\/www.schepers-photography.de\/wp-content\/uploads\/2025\/05\/Projekt__Spargelessen_2025_110525_121558_250_8275.jpg\" class=\"flex overflow-hidden\" style=\"border-radius:0rem\"><img decoding=\"async\" src=\"https:\/\/www.schepers-photography.de\/wp-content\/uploads\/2025\/05\/Projekt__Spargelessen_2025_110525_121558_250_8275-150x150.jpg\" alt=\"Person h\u00e4lt Vortrag mit Mikrofon\"\/><\/a><\/div><div class=\"masonry-item\" style=\"padding-top:0.125rem\"><a href=\"https:\/\/www.schepers-photography.de\/wp-content\/uploads\/2025\/05\/Projekt__Spargelessen_2025_110525_121430_470_8256.jpg\" class=\"flex overflow-hidden\" style=\"border-radius:0rem\"><img decoding=\"async\" src=\"https:\/\/www.schepers-photography.de\/wp-content\/uploads\/2025\/05\/Projekt__Spargelessen_2025_110525_121430_470_8256-150x150.jpg\" alt=\"L\u00e4chelnde Menschen bei einer Veranstaltung, jemand spricht.\"\/><\/a><\/div><div class=\"masonry-item\" style=\"padding-top:0.125rem\"><a href=\"https:\/\/www.schepers-photography.de\/wp-content\/uploads\/2025\/05\/Projekt__Spargelessen_2025_110525_121406_890_8245.jpg\" class=\"flex overflow-hidden\" style=\"border-radius:0rem\"><img decoding=\"async\" src=\"https:\/\/www.schepers-photography.de\/wp-content\/uploads\/2025\/05\/Projekt__Spargelessen_2025_110525_121406_890_8245-150x150.jpg\" alt=\"\"\/><\/a><\/div><div class=\"masonry-item\" style=\"padding-top:0.125rem\"><a href=\"https:\/\/www.schepers-photography.de\/wp-content\/uploads\/2025\/05\/Projekt__Spargelessen_2025_110525_121343_150_8240.jpg\" class=\"flex overflow-hidden\" style=\"border-radius:0rem\"><img decoding=\"async\" src=\"https:\/\/www.schepers-photography.de\/wp-content\/uploads\/2025\/05\/Projekt__Spargelessen_2025_110525_121343_150_8240-150x150.jpg\" alt=\"Personen in Diskussion w\u00e4hrend eines Meetings\"\/><\/a><\/div><div class=\"masonry-item\" style=\"padding-top:0.125rem\"><a href=\"https:\/\/www.schepers-photography.de\/wp-content\/uploads\/2025\/05\/Projekt__Spargelessen_2025_110525_121317_530_8231.jpg\" class=\"flex overflow-hidden\" style=\"border-radius:0rem\"><img decoding=\"async\" src=\"https:\/\/www.schepers-photography.de\/wp-content\/uploads\/2025\/05\/Projekt__Spargelessen_2025_110525_121317_530_8231-150x150.jpg\" alt=\"Mann mit Brille sitzt konzentriert in Publikum.\"\/><\/a><\/div><div class=\"masonry-item\" style=\"padding-top:0.125rem\"><a href=\"https:\/\/www.schepers-photography.de\/wp-content\/uploads\/2025\/05\/Projekt__Spargelessen_2025_110525_121201_890_8212.jpg\" class=\"flex overflow-hidden\" style=\"border-radius:0rem\"><img decoding=\"async\" src=\"https:\/\/www.schepers-photography.de\/wp-content\/uploads\/2025\/05\/Projekt__Spargelessen_2025_110525_121201_890_8212-150x150.jpg\" alt=\"\"\/><\/a><\/div><div class=\"masonry-item\" style=\"padding-top:0.125rem\"><a href=\"https:\/\/www.schepers-photography.de\/wp-content\/uploads\/2025\/05\/Projekt__Spargelessen_2025_110525_121141_190_8194.jpg\" class=\"flex overflow-hidden\" style=\"border-radius:0rem\"><img decoding=\"async\" src=\"https:\/\/www.schepers-photography.de\/wp-content\/uploads\/2025\/05\/Projekt__Spargelessen_2025_110525_121141_190_8194-150x150.jpg\" alt=\"\"\/><\/a><\/div><div class=\"masonry-item\" style=\"padding-top:0.125rem\"><a href=\"https:\/\/www.schepers-photography.de\/wp-content\/uploads\/2025\/05\/Projekt__Spargelessen_2025_110525_121113_600_8159.jpg\" class=\"flex overflow-hidden\" style=\"border-radius:0rem\"><img decoding=\"async\" src=\"https:\/\/www.schepers-photography.de\/wp-content\/uploads\/2025\/05\/Projekt__Spargelessen_2025_110525_121113_600_8159-150x150.jpg\" alt=\"L\u00e4chelnde Personen bei Veranstaltungen in hellem Raum.\"\/><\/a><\/div><div class=\"masonry-item\" style=\"padding-top:0.125rem\"><a href=\"https:\/\/www.schepers-photography.de\/wp-content\/uploads\/2025\/05\/Projekt__Spargelessen_2025_110525_121105_790_8148.jpg\" class=\"flex overflow-hidden\" style=\"border-radius:0rem\"><img decoding=\"async\" src=\"https:\/\/www.schepers-photography.de\/wp-content\/uploads\/2025\/05\/Projekt__Spargelessen_2025_110525_121105_790_8148-150x150.jpg\" alt=\"Personen bei einem formellen Treffen, l\u00e4chelnd\"\/><\/a><\/div><div class=\"masonry-item\" style=\"padding-top:0.125rem\"><a href=\"https:\/\/www.schepers-photography.de\/wp-content\/uploads\/2025\/05\/Projekt__Spargelessen_2025_110525_121034_390_8134.jpg\" class=\"flex overflow-hidden\" style=\"border-radius:0rem\"><img decoding=\"async\" src=\"https:\/\/www.schepers-photography.de\/wp-content\/uploads\/2025\/05\/Projekt__Spargelessen_2025_110525_121034_390_8134-150x150.jpg\" alt=\"Menschen bei einem formellen Event im Gespr\u00e4ch\"\/><\/a><\/div><div class=\"masonry-item\" style=\"padding-top:0.125rem\"><a href=\"https:\/\/www.schepers-photography.de\/wp-content\/uploads\/2025\/05\/Projekt__Spargelessen_2025_110525_121019_710_8123.jpg\" class=\"flex overflow-hidden\" style=\"border-radius:0rem\"><img decoding=\"async\" src=\"https:\/\/www.schepers-photography.de\/wp-content\/uploads\/2025\/05\/Projekt__Spargelessen_2025_110525_121019_710_8123-150x150.jpg\" alt=\"\u00c4lterer Mann h\u00e4lt Rede mit Mikrofon\"\/><\/a><\/div><div class=\"masonry-item\" style=\"padding-top:0.125rem\"><a href=\"https:\/\/www.schepers-photography.de\/wp-content\/uploads\/2025\/05\/Projekt__Spargelessen_2025_110525_121005_550_8113.jpg\" class=\"flex overflow-hidden\" style=\"border-radius:0rem\"><img decoding=\"async\" src=\"https:\/\/www.schepers-photography.de\/wp-content\/uploads\/2025\/05\/Projekt__Spargelessen_2025_110525_121005_550_8113-150x150.jpg\" alt=\"Lachende Frau bei einer Veranstaltung\"\/><\/a><\/div><div class=\"masonry-item\" style=\"padding-top:0.125rem\"><a href=\"https:\/\/www.schepers-photography.de\/wp-content\/uploads\/2025\/05\/Projekt__Spargelessen_2025_110525_120939_510_8097.jpg\" class=\"flex overflow-hidden\" style=\"border-radius:0rem\"><img decoding=\"async\" src=\"https:\/\/www.schepers-photography.de\/wp-content\/uploads\/2025\/05\/Projekt__Spargelessen_2025_110525_120939_510_8097-150x150.jpg\" alt=\"Drei Personen in einer Besprechung, l\u00e4chelnd und aufmerksam.\"\/><\/a><\/div><div class=\"masonry-item\" style=\"padding-top:0.125rem\"><a href=\"https:\/\/www.schepers-photography.de\/wp-content\/uploads\/2025\/05\/Projekt__Spargelessen_2025_110525_120840_980_8071.jpg\" class=\"flex overflow-hidden\" style=\"border-radius:0rem\"><img decoding=\"async\" src=\"https:\/\/www.schepers-photography.de\/wp-content\/uploads\/2025\/05\/Projekt__Spargelessen_2025_110525_120840_980_8071-150x150.jpg\" alt=\"M\u00e4nner bei Besprechung am Tisch\"\/><\/a><\/div><div class=\"masonry-item\" style=\"padding-top:0.125rem\"><a href=\"https:\/\/www.schepers-photography.de\/wp-content\/uploads\/2025\/05\/Projekt__Spargelessen_2025_110525_120825_080_8063.jpg\" class=\"flex overflow-hidden\" style=\"border-radius:0rem\"><img decoding=\"async\" src=\"https:\/\/www.schepers-photography.de\/wp-content\/uploads\/2025\/05\/Projekt__Spargelessen_2025_110525_120825_080_8063-150x150.jpg\" alt=\"Menschen bei einem formellen Essen in Restaurant\"\/><\/a><\/div><div class=\"masonry-item\" style=\"padding-top:0.125rem\"><a href=\"https:\/\/www.schepers-photography.de\/wp-content\/uploads\/2025\/05\/Projekt__Spargelessen_2025_110525_120754_600_8017.jpg\" class=\"flex overflow-hidden\" style=\"border-radius:0rem\"><img decoding=\"async\" src=\"https:\/\/www.schepers-photography.de\/wp-content\/uploads\/2025\/05\/Projekt__Spargelessen_2025_110525_120754_600_8017-150x150.jpg\" alt=\"Person in blauem Anzug bei Meeting\"\/><\/a><\/div><div class=\"masonry-item\" style=\"padding-top:0.125rem\"><a href=\"https:\/\/www.schepers-photography.de\/wp-content\/uploads\/2025\/05\/Projekt__Spargelessen_2025_110525_120726_810_7994.jpg\" class=\"flex overflow-hidden\" style=\"border-radius:0rem\"><img decoding=\"async\" src=\"https:\/\/www.schepers-photography.de\/wp-content\/uploads\/2025\/05\/Projekt__Spargelessen_2025_110525_120726_810_7994-150x150.jpg\" alt=\"Mann h\u00e4lt Rede mit Mikrofon.\"\/><\/a><\/div><div class=\"masonry-item\" style=\"padding-top:0.125rem\"><a href=\"https:\/\/www.schepers-photography.de\/wp-content\/uploads\/2025\/05\/Projekt__Spargelessen_2025_110525_120646_990_7973.jpg\" class=\"flex overflow-hidden\" style=\"border-radius:0rem\"><img decoding=\"async\" src=\"https:\/\/www.schepers-photography.de\/wp-content\/uploads\/2025\/05\/Projekt__Spargelessen_2025_110525_120646_990_7973-150x150.jpg\" alt=\"Personen bei einer Veranstaltung der FDP, l\u00e4chelnd.\"\/><\/a><\/div><div class=\"masonry-item\" style=\"padding-top:0.125rem\"><a href=\"https:\/\/www.schepers-photography.de\/wp-content\/uploads\/2025\/05\/Projekt__Spargelessen_2025_110525_120548_470_7922.jpg\" class=\"flex overflow-hidden\" style=\"border-radius:0rem\"><img decoding=\"async\" src=\"https:\/\/www.schepers-photography.de\/wp-content\/uploads\/2025\/05\/Projekt__Spargelessen_2025_110525_120548_470_7922-150x150.jpg\" alt=\"Menschen sitzen und unterhalten sich am Tisch.\"\/><\/a><\/div><div class=\"masonry-item\" style=\"padding-top:0.125rem\"><a href=\"https:\/\/www.schepers-photography.de\/wp-content\/uploads\/2025\/05\/Projekt__Spargelessen_2025_110525_120520_210_7905.jpg\" class=\"flex overflow-hidden\" style=\"border-radius:0rem\"><img decoding=\"async\" src=\"https:\/\/www.schepers-photography.de\/wp-content\/uploads\/2025\/05\/Projekt__Spargelessen_2025_110525_120520_210_7905-150x150.jpg\" alt=\"\u00c4lterer Mann spricht bei FDP-Veranstaltung mit Mikrofon.\"\/><\/a><\/div><div class=\"masonry-item\" style=\"padding-top:0.125rem\"><a href=\"https:\/\/www.schepers-photography.de\/wp-content\/uploads\/2025\/05\/Projekt__Spargelessen_2025_110525_120517_540_7893.jpg\" class=\"flex overflow-hidden\" style=\"border-radius:0rem\"><img decoding=\"async\" src=\"https:\/\/www.schepers-photography.de\/wp-content\/uploads\/2025\/05\/Projekt__Spargelessen_2025_110525_120517_540_7893-150x150.jpg\" alt=\"Leute bei einem Gespr\u00e4ch am Tisch\"\/><\/a><\/div><div class=\"masonry-item\" style=\"padding-top:0.125rem\"><a href=\"https:\/\/www.schepers-photography.de\/wp-content\/uploads\/2025\/05\/Projekt__Spargelessen_2025_110525_120517_010_7888.jpg\" class=\"flex overflow-hidden\" style=\"border-radius:0rem\"><img decoding=\"async\" src=\"https:\/\/www.schepers-photography.de\/wp-content\/uploads\/2025\/05\/Projekt__Spargelessen_2025_110525_120517_010_7888-150x150.jpg\" alt=\"Personen bei einem Treffen mit Getr\u00e4nken\"\/><\/a><\/div><div class=\"masonry-item\" style=\"padding-top:0.125rem\"><a href=\"https:\/\/www.schepers-photography.de\/wp-content\/uploads\/2025\/05\/Projekt__Spargelessen_2025_110525_120511_030_7882.jpg\" class=\"flex overflow-hidden\" style=\"border-radius:0rem\"><img decoding=\"async\" src=\"https:\/\/www.schepers-photography.de\/wp-content\/uploads\/2025\/05\/Projekt__Spargelessen_2025_110525_120511_030_7882-150x150.jpg\" alt=\"\"\/><\/a><\/div><div class=\"masonry-item\" style=\"padding-top:0.125rem\"><a href=\"https:\/\/www.schepers-photography.de\/wp-content\/uploads\/2025\/05\/Projekt__Spargelessen_2025_110525_115232_170_7859.jpg\" class=\"flex overflow-hidden\" style=\"border-radius:0rem\"><img decoding=\"async\" src=\"https:\/\/www.schepers-photography.de\/wp-content\/uploads\/2025\/05\/Projekt__Spargelessen_2025_110525_115232_170_7859-150x150.jpg\" alt=\"Person h\u00e4lt Mikrofon und spricht vor Publikum.\"\/><\/a><\/div><div class=\"masonry-item\" style=\"padding-top:0.125rem\"><a href=\"https:\/\/www.schepers-photography.de\/wp-content\/uploads\/2025\/05\/Projekt__Spargelessen_2025_110525_115208_120_7843.jpg\" class=\"flex overflow-hidden\" style=\"border-radius:0rem\"><img decoding=\"async\" src=\"https:\/\/www.schepers-photography.de\/wp-content\/uploads\/2025\/05\/Projekt__Spargelessen_2025_110525_115208_120_7843-150x150.jpg\" alt=\"Diskussionsteilnehmer am Tisch in einem Meetingraum.\"\/><\/a><\/div><div class=\"masonry-item\" style=\"padding-top:0.125rem\"><a href=\"https:\/\/www.schepers-photography.de\/wp-content\/uploads\/2025\/05\/Projekt__Spargelessen_2025_110525_115159_470_7838.jpg\" class=\"flex overflow-hidden\" style=\"border-radius:0rem\"><img decoding=\"async\" src=\"https:\/\/www.schepers-photography.de\/wp-content\/uploads\/2025\/05\/Projekt__Spargelessen_2025_110525_115159_470_7838-150x150.jpg\" alt=\"\"\/><\/a><\/div><div class=\"masonry-item\" style=\"padding-top:0.125rem\"><a href=\"https:\/\/www.schepers-photography.de\/wp-content\/uploads\/2025\/05\/Projekt__Spargelessen_2025_110525_115144_400_7826.jpg\" class=\"flex overflow-hidden\" style=\"border-radius:0rem\"><img decoding=\"async\" src=\"https:\/\/www.schepers-photography.de\/wp-content\/uploads\/2025\/05\/Projekt__Spargelessen_2025_110525_115144_400_7826-150x150.jpg\" alt=\"Menschen bei einer Besprechung mit Gl\u00e4sern auf dem Tisch.\"\/><\/a><\/div><div class=\"masonry-item\" style=\"padding-top:0.125rem\"><a href=\"https:\/\/www.schepers-photography.de\/wp-content\/uploads\/2025\/05\/Projekt__Spargelessen_2025_110525_115132_910_7820.jpg\" class=\"flex overflow-hidden\" style=\"border-radius:0rem\"><img decoding=\"async\" src=\"https:\/\/www.schepers-photography.de\/wp-content\/uploads\/2025\/05\/Projekt__Spargelessen_2025_110525_115132_910_7820-150x150.jpg\" alt=\"Zwei M\u00e4nner bei einer Gespr\u00e4chsrunde in einem Raum.\"\/><\/a><\/div><div class=\"masonry-item\" style=\"padding-top:0.125rem\"><a href=\"https:\/\/www.schepers-photography.de\/wp-content\/uploads\/2025\/05\/Projekt__Spargelessen_2025_110525_115011_210_7748.jpg\" class=\"flex overflow-hidden\" style=\"border-radius:0rem\"><img decoding=\"async\" src=\"https:\/\/www.schepers-photography.de\/wp-content\/uploads\/2025\/05\/Projekt__Spargelessen_2025_110525_115011_210_7748-150x150.jpg\" alt=\"\"\/><\/a><\/div><div class=\"masonry-item\" style=\"padding-top:0.125rem\"><a href=\"https:\/\/www.schepers-photography.de\/wp-content\/uploads\/2025\/05\/Projekt__Spargelessen_2025_110525_114905_830_7722.jpg\" class=\"flex overflow-hidden\" style=\"border-radius:0rem\"><img decoding=\"async\" src=\"https:\/\/www.schepers-photography.de\/wp-content\/uploads\/2025\/05\/Projekt__Spargelessen_2025_110525_114905_830_7722-150x150.jpg\" alt=\"Personen bei einer Veranstaltung am Tisch sitzend.\"\/><\/a><\/div><div class=\"masonry-item\" style=\"padding-top:0.125rem\"><a href=\"https:\/\/www.schepers-photography.de\/wp-content\/uploads\/2025\/05\/Projekt__Spargelessen_2025_110525_114904_100_7718.jpg\" class=\"flex overflow-hidden\" style=\"border-radius:0rem\"><img decoding=\"async\" src=\"https:\/\/www.schepers-photography.de\/wp-content\/uploads\/2025\/05\/Projekt__Spargelessen_2025_110525_114904_100_7718-150x150.jpg\" alt=\"Mann spricht, Menschen sitzen an Tisch.\"\/><\/a><\/div><div class=\"masonry-item\" style=\"padding-top:0.125rem\"><a href=\"https:\/\/www.schepers-photography.de\/wp-content\/uploads\/2025\/05\/Projekt__Spargelessen_2025_110525_114902_840_7716.jpg\" class=\"flex overflow-hidden\" style=\"border-radius:0rem\"><img decoding=\"async\" src=\"https:\/\/www.schepers-photography.de\/wp-content\/uploads\/2025\/05\/Projekt__Spargelessen_2025_110525_114902_840_7716-150x150.jpg\" alt=\"\"\/><\/a><\/div><div class=\"masonry-item\" style=\"padding-top:0.125rem\"><a href=\"https:\/\/www.schepers-photography.de\/wp-content\/uploads\/2025\/05\/Projekt__Spargelessen_2025_110525_114851_980_7707.jpg\" class=\"flex overflow-hidden\" style=\"border-radius:0rem\"><img decoding=\"async\" src=\"https:\/\/www.schepers-photography.de\/wp-content\/uploads\/2025\/05\/Projekt__Spargelessen_2025_110525_114851_980_7707-150x150.jpg\" alt=\"Person spricht in Mikrofon bei Versammlung.\"\/><\/a><\/div><div class=\"masonry-item\" style=\"padding-top:0.125rem\"><a href=\"https:\/\/www.schepers-photography.de\/wp-content\/uploads\/2025\/05\/Projekt__Spargelessen_2025_110525_114831_560_7695.jpg\" class=\"flex overflow-hidden\" style=\"border-radius:0rem\"><img decoding=\"async\" src=\"https:\/\/www.schepers-photography.de\/wp-content\/uploads\/2025\/05\/Projekt__Spargelessen_2025_110525_114831_560_7695-150x150.jpg\" alt=\"Zitronen schneiden auf einem K\u00fcchentisch\"\/><\/a><\/div><div class=\"masonry-item\" style=\"padding-top:0.125rem\"><a href=\"https:\/\/www.schepers-photography.de\/wp-content\/uploads\/2025\/05\/Projekt__Spargelessen_2025_110525_114710_010_2767.jpg\" class=\"flex overflow-hidden\" style=\"border-radius:0rem\"><img decoding=\"async\" src=\"https:\/\/www.schepers-photography.de\/wp-content\/uploads\/2025\/05\/Projekt__Spargelessen_2025_110525_114710_010_2767-150x150.jpg\" alt=\"Personen am Konferenztisch mit FDP-Schild in Saal.\"\/><\/a><\/div><div class=\"masonry-item\" style=\"padding-top:0.125rem\"><a href=\"https:\/\/www.schepers-photography.de\/wp-content\/uploads\/2025\/05\/Projekt__Spargelessen_2025_110525_114419_360_2761.jpg\" class=\"flex overflow-hidden\" style=\"border-radius:0rem\"><img decoding=\"async\" src=\"https:\/\/www.schepers-photography.de\/wp-content\/uploads\/2025\/05\/Projekt__Spargelessen_2025_110525_114419_360_2761-150x150.jpg\" alt=\"Drei l\u00e4chelnde Personen vor einem Fenster\"\/><\/a><\/div><div class=\"masonry-item\" style=\"padding-top:0.125rem\"><a href=\"https:\/\/www.schepers-photography.de\/wp-content\/uploads\/2025\/05\/Projekt__Spargelessen_2025_110525_114344_950_2754.jpg\" class=\"flex overflow-hidden\" style=\"border-radius:0rem\"><img decoding=\"async\" src=\"https:\/\/www.schepers-photography.de\/wp-content\/uploads\/2025\/05\/Projekt__Spargelessen_2025_110525_114344_950_2754-150x150.jpg\" alt=\"Leute bei Versammlung in hellem Raum\"\/><\/a><\/div><div class=\"masonry-item\" style=\"padding-top:0.125rem\"><a href=\"https:\/\/www.schepers-photography.de\/wp-content\/uploads\/2025\/05\/Projekt__Spargelessen_2025_110525_114244_100_2738.jpg\" class=\"flex overflow-hidden\" style=\"border-radius:0rem\"><img decoding=\"async\" src=\"https:\/\/www.schepers-photography.de\/wp-content\/uploads\/2025\/05\/Projekt__Spargelessen_2025_110525_114244_100_2738-150x150.jpg\" alt=\"Personen unterhalten sich bei einem festlichen Anlass.\"\/><\/a><\/div><div class=\"masonry-item\" style=\"padding-top:0.125rem\"><a href=\"https:\/\/www.schepers-photography.de\/wp-content\/uploads\/2025\/05\/Projekt__Spargelessen_2025_110525_114012_220_7645.jpg\" class=\"flex overflow-hidden\" style=\"border-radius:0rem\"><img decoding=\"async\" src=\"https:\/\/www.schepers-photography.de\/wp-content\/uploads\/2025\/05\/Projekt__Spargelessen_2025_110525_114012_220_7645-150x150.jpg\" alt=\"Drei Personen im Gespr\u00e4ch im Freien.\"\/><\/a><\/div><div class=\"masonry-item\" style=\"padding-top:0.125rem\"><a href=\"https:\/\/www.schepers-photography.de\/wp-content\/uploads\/2025\/05\/Projekt__Spargelessen_2025_110525_113955_420_7636.jpg\" class=\"flex overflow-hidden\" style=\"border-radius:0rem\"><img decoding=\"async\" src=\"https:\/\/www.schepers-photography.de\/wp-content\/uploads\/2025\/05\/Projekt__Spargelessen_2025_110525_113955_420_7636-150x150.jpg\" alt=\"\"\/><\/a><\/div><div class=\"masonry-item\" style=\"padding-top:0.125rem\"><a href=\"https:\/\/www.schepers-photography.de\/wp-content\/uploads\/2025\/05\/Projekt__Spargelessen_2025_110525_113942_420_7628.jpg\" class=\"flex overflow-hidden\" style=\"border-radius:0rem\"><img decoding=\"async\" src=\"https:\/\/www.schepers-photography.de\/wp-content\/uploads\/2025\/05\/Projekt__Spargelessen_2025_110525_113942_420_7628-150x150.jpg\" alt=\"\"\/><\/a><\/div><div class=\"masonry-item\" style=\"padding-top:0.125rem\"><a href=\"https:\/\/www.schepers-photography.de\/wp-content\/uploads\/2025\/05\/Projekt__Spargelessen_2025_110525_113924_770_7620.jpg\" class=\"flex overflow-hidden\" style=\"border-radius:0rem\"><img decoding=\"async\" src=\"https:\/\/www.schepers-photography.de\/wp-content\/uploads\/2025\/05\/Projekt__Spargelessen_2025_110525_113924_770_7620-150x150.jpg\" alt=\"\"\/><\/a><\/div><div class=\"masonry-item\" style=\"padding-top:0.125rem\"><a href=\"https:\/\/www.schepers-photography.de\/wp-content\/uploads\/2025\/05\/Projekt__Spargelessen_2025_110525_113913_150_7610.jpg\" class=\"flex overflow-hidden\" style=\"border-radius:0rem\"><img decoding=\"async\" src=\"https:\/\/www.schepers-photography.de\/wp-content\/uploads\/2025\/05\/Projekt__Spargelessen_2025_110525_113913_150_7610-150x150.jpg\" alt=\"\u00c4lterer Mann in grauer Jacke gestikuliert\"\/><\/a><\/div><div class=\"masonry-item\" style=\"padding-top:0.125rem\"><a href=\"https:\/\/www.schepers-photography.de\/wp-content\/uploads\/2025\/05\/Projekt__Spargelessen_2025_110525_113852_210_7574.jpg\" class=\"flex overflow-hidden\" style=\"border-radius:0rem\"><img decoding=\"async\" src=\"https:\/\/www.schepers-photography.de\/wp-content\/uploads\/2025\/05\/Projekt__Spargelessen_2025_110525_113852_210_7574-150x150.jpg\" alt=\"Drei Personen im Freien vor einem Baum.\"\/><\/a><\/div><div class=\"masonry-item\" style=\"padding-top:0.125rem\"><a href=\"https:\/\/www.schepers-photography.de\/wp-content\/uploads\/2025\/05\/Projekt__Spargelessen_2025_110525_113843_000_7561.jpg\" class=\"flex overflow-hidden\" style=\"border-radius:0rem\"><img decoding=\"async\" src=\"https:\/\/www.schepers-photography.de\/wp-content\/uploads\/2025\/05\/Projekt__Spargelessen_2025_110525_113843_000_7561-150x150.jpg\" alt=\"Zwei l\u00e4chelnde Frauen im Gr\u00fcnen vor B\u00e4umen.\"\/><\/a><\/div><div class=\"masonry-item\" style=\"padding-top:0.125rem\"><a href=\"https:\/\/www.schepers-photography.de\/wp-content\/uploads\/2025\/05\/Projekt__Spargelessen_2025_110525_113832_200_7541.jpg\" class=\"flex overflow-hidden\" style=\"border-radius:0rem\"><img decoding=\"async\" src=\"https:\/\/www.schepers-photography.de\/wp-content\/uploads\/2025\/05\/Projekt__Spargelessen_2025_110525_113832_200_7541-150x150.jpg\" alt=\"Zwei Frauen l\u00e4cheln im sonnigen Park.\"\/><\/a><\/div><div class=\"masonry-item\" style=\"padding-top:0.125rem\"><a href=\"https:\/\/www.schepers-photography.de\/wp-content\/uploads\/2025\/05\/Projekt__Spargelessen_2025_110525_113822_260_7538.jpg\" class=\"flex overflow-hidden\" style=\"border-radius:0rem\"><img decoding=\"async\" src=\"https:\/\/www.schepers-photography.de\/wp-content\/uploads\/2025\/05\/Projekt__Spargelessen_2025_110525_113822_260_7538-150x150.jpg\" alt=\"Drei Personen im Anzug im Freien\"\/><\/a><\/div><div class=\"masonry-item\" style=\"padding-top:0.125rem\"><a href=\"https:\/\/www.schepers-photography.de\/wp-content\/uploads\/2025\/05\/Projekt__Spargelessen_2025_110525_113806_290_7511.jpg\" class=\"flex overflow-hidden\" style=\"border-radius:0rem\"><img decoding=\"async\" src=\"https:\/\/www.schepers-photography.de\/wp-content\/uploads\/2025\/05\/Projekt__Spargelessen_2025_110525_113806_290_7511-150x150.jpg\" alt=\"\"\/><\/a><\/div><div class=\"masonry-item\" style=\"padding-top:0.125rem\"><a href=\"https:\/\/www.schepers-photography.de\/wp-content\/uploads\/2025\/05\/Projekt__Spargelessen_2025_110525_113654_950_7483.jpg\" class=\"flex overflow-hidden\" style=\"border-radius:0rem\"><img decoding=\"async\" src=\"https:\/\/www.schepers-photography.de\/wp-content\/uploads\/2025\/05\/Projekt__Spargelessen_2025_110525_113654_950_7483-150x150.jpg\" alt=\"Person mit wei\u00dfem Haar schaut nach unten.\"\/><\/a><\/div><div class=\"masonry-item\" style=\"padding-top:0.125rem\"><a href=\"https:\/\/www.schepers-photography.de\/wp-content\/uploads\/2025\/05\/Projekt__Spargelessen_2025_110525_113653_330_7479.jpg\" class=\"flex overflow-hidden\" style=\"border-radius:0rem\"><img decoding=\"async\" src=\"https:\/\/www.schepers-photography.de\/wp-content\/uploads\/2025\/05\/Projekt__Spargelessen_2025_110525_113653_330_7479-150x150.jpg\" alt=\"Person h\u00e4lt Sektglas in der Hand, elegantes Outfit.\"\/><\/a><\/div><div class=\"masonry-item\" style=\"padding-top:0.125rem\"><a href=\"https:\/\/www.schepers-photography.de\/wp-content\/uploads\/2025\/05\/Projekt__Spargelessen_2025_110525_113547_660_7460.jpg\" class=\"flex overflow-hidden\" style=\"border-radius:0rem\"><img decoding=\"async\" src=\"https:\/\/www.schepers-photography.de\/wp-content\/uploads\/2025\/05\/Projekt__Spargelessen_2025_110525_113547_660_7460-150x150.jpg\" alt=\"Zwei M\u00e4nner im Anzug im Gespr\u00e4ch.\"\/><\/a><\/div><div class=\"masonry-item\" style=\"padding-top:0.125rem\"><a href=\"https:\/\/www.schepers-photography.de\/wp-content\/uploads\/2025\/05\/Projekt__Spargelessen_2025_110525_113530_660_7450.jpg\" class=\"flex overflow-hidden\" style=\"border-radius:0rem\"><img decoding=\"async\" src=\"https:\/\/www.schepers-photography.de\/wp-content\/uploads\/2025\/05\/Projekt__Spargelessen_2025_110525_113530_660_7450-150x150.jpg\" alt=\"Personengruppe im Freien bei Sonnenschein\"\/><\/a><\/div><div class=\"masonry-item\" style=\"padding-top:0.125rem\"><a href=\"https:\/\/www.schepers-photography.de\/wp-content\/uploads\/2025\/05\/Projekt__Spargelessen_2025_110525_113506_260_7430.jpg\" class=\"flex overflow-hidden\" style=\"border-radius:0rem\"><img decoding=\"async\" src=\"https:\/\/www.schepers-photography.de\/wp-content\/uploads\/2025\/05\/Projekt__Spargelessen_2025_110525_113506_260_7430-150x150.jpg\" alt=\"\u00c4ltere Dame im Freien bei Sonnenschein.\"\/><\/a><\/div><div class=\"masonry-item\" style=\"padding-top:0.125rem\"><a href=\"https:\/\/www.schepers-photography.de\/wp-content\/uploads\/2025\/05\/Projekt__Spargelessen_2025_110525_113456_660_7422.jpg\" class=\"flex overflow-hidden\" style=\"border-radius:0rem\"><img decoding=\"async\" src=\"https:\/\/www.schepers-photography.de\/wp-content\/uploads\/2025\/05\/Projekt__Spargelessen_2025_110525_113456_660_7422-150x150.jpg\" alt=\"\"\/><\/a><\/div><div class=\"masonry-item\" style=\"padding-top:0.125rem\"><a href=\"https:\/\/www.schepers-photography.de\/wp-content\/uploads\/2025\/05\/Projekt__Spargelessen_2025_110525_113338_800_7398.jpg\" class=\"flex overflow-hidden\" style=\"border-radius:0rem\"><img decoding=\"async\" src=\"https:\/\/www.schepers-photography.de\/wp-content\/uploads\/2025\/05\/Projekt__Spargelessen_2025_110525_113338_800_7398-150x150.jpg\" alt=\"Zwei M\u00e4nner unterhalten sich im Freien, sonniger Tag.\"\/><\/a><\/div><div class=\"masonry-item\" style=\"padding-top:0.125rem\"><a href=\"https:\/\/www.schepers-photography.de\/wp-content\/uploads\/2025\/05\/Projekt__Spargelessen_2025_110525_113324_990_7387.jpg\" class=\"flex overflow-hidden\" style=\"border-radius:0rem\"><img decoding=\"async\" src=\"https:\/\/www.schepers-photography.de\/wp-content\/uploads\/2025\/05\/Projekt__Spargelessen_2025_110525_113324_990_7387-150x150.jpg\" alt=\"\"\/><\/a><\/div><div class=\"masonry-item\" style=\"padding-top:0.125rem\"><a href=\"https:\/\/www.schepers-photography.de\/wp-content\/uploads\/2025\/05\/Projekt__Spargelessen_2025_110525_113222_280_7379.jpg\" class=\"flex overflow-hidden\" style=\"border-radius:0rem\"><img decoding=\"async\" src=\"https:\/\/www.schepers-photography.de\/wp-content\/uploads\/2025\/05\/Projekt__Spargelessen_2025_110525_113222_280_7379-150x150.jpg\" alt=\"Personen unterhalten sich bei einem Empfang im Freien.\"\/><\/a><\/div><div class=\"masonry-item\" style=\"padding-top:0.125rem\"><a href=\"https:\/\/www.schepers-photography.de\/wp-content\/uploads\/2025\/05\/Projekt__Spargelessen_2025_110525_113217_550_7370.jpg\" class=\"flex overflow-hidden\" style=\"border-radius:0rem\"><img decoding=\"async\" src=\"https:\/\/www.schepers-photography.de\/wp-content\/uploads\/2025\/05\/Projekt__Spargelessen_2025_110525_113217_550_7370-150x150.jpg\" alt=\"Gruppentreffen im Freien mit Getr\u00e4nken.\"\/><\/a><\/div><div class=\"masonry-item\" style=\"padding-top:0.125rem\"><a href=\"https:\/\/www.schepers-photography.de\/wp-content\/uploads\/2025\/05\/Projekt__Spargelessen_2025_110525_113143_990_7358.jpg\" class=\"flex overflow-hidden\" style=\"border-radius:0rem\"><img decoding=\"async\" src=\"https:\/\/www.schepers-photography.de\/wp-content\/uploads\/2025\/05\/Projekt__Spargelessen_2025_110525_113143_990_7358-150x150.jpg\" alt=\"FDP-Logo auf gelbem Tischbanner\"\/><\/a><\/div><div class=\"masonry-item\" style=\"padding-top:0.125rem\"><a href=\"https:\/\/www.schepers-photography.de\/wp-content\/uploads\/2025\/05\/Projekt__Spargelessen_2025_110525_113140_220_7353.jpg\" class=\"flex overflow-hidden\" style=\"border-radius:0rem\"><img decoding=\"async\" src=\"https:\/\/www.schepers-photography.de\/wp-content\/uploads\/2025\/05\/Projekt__Spargelessen_2025_110525_113140_220_7353-150x150.jpg\" alt=\"Gelbes FDP-Banner auf einem Tisch.\"\/><\/a><\/div><div class=\"masonry-item\" style=\"padding-top:0.125rem\"><a href=\"https:\/\/www.schepers-photography.de\/wp-content\/uploads\/2025\/05\/Projekt__Spargelessen_2025_110525_113026_500_7330.jpg\" class=\"flex overflow-hidden\" style=\"border-radius:0rem\"><img decoding=\"async\" src=\"https:\/\/www.schepers-photography.de\/wp-content\/uploads\/2025\/05\/Projekt__Spargelessen_2025_110525_113026_500_7330-150x150.jpg\" alt=\"Personen unterhalten sich im Freien neben Auto\"\/><\/a><\/div><div class=\"masonry-item\" style=\"padding-top:0.125rem\"><a href=\"https:\/\/www.schepers-photography.de\/wp-content\/uploads\/2025\/05\/Projekt__Spargelessen_2025_110525_113022_870_7316.jpg\" class=\"flex overflow-hidden\" style=\"border-radius:0rem\"><img decoding=\"async\" src=\"https:\/\/www.schepers-photography.de\/wp-content\/uploads\/2025\/05\/Projekt__Spargelessen_2025_110525_113022_870_7316-150x150.jpg\" alt=\"Menschen im Gespr\u00e4ch im Freien\"\/><\/a><\/div><div class=\"masonry-item\" style=\"padding-top:0.125rem\"><a href=\"https:\/\/www.schepers-photography.de\/wp-content\/uploads\/2025\/05\/Projekt__Spargelessen_2025_110525_113019_370_7307.jpg\" class=\"flex overflow-hidden\" style=\"border-radius:0rem\"><img decoding=\"async\" src=\"https:\/\/www.schepers-photography.de\/wp-content\/uploads\/2025\/05\/Projekt__Spargelessen_2025_110525_113019_370_7307-150x150.jpg\" alt=\"\"\/><\/a><\/div><div class=\"masonry-item\" style=\"padding-top:0.125rem\"><a href=\"https:\/\/www.schepers-photography.de\/wp-content\/uploads\/2025\/05\/Projekt__Spargelessen_2025_110525_113014_130_7299.jpg\" class=\"flex overflow-hidden\" style=\"border-radius:0rem\"><img decoding=\"async\" src=\"https:\/\/www.schepers-photography.de\/wp-content\/uploads\/2025\/05\/Projekt__Spargelessen_2025_110525_113014_130_7299-150x150.jpg\" alt=\"Menschen unterhalten sich bei einer Veranstaltung im Freien.\"\/><\/a><\/div><div class=\"masonry-item\" style=\"padding-top:0.125rem\"><a href=\"https:\/\/www.schepers-photography.de\/wp-content\/uploads\/2025\/05\/Projekt__Spargelessen_2025_110525_112856_960_2733.jpg\" class=\"flex overflow-hidden\" style=\"border-radius:0rem\"><img decoding=\"async\" src=\"https:\/\/www.schepers-photography.de\/wp-content\/uploads\/2025\/05\/Projekt__Spargelessen_2025_110525_112856_960_2733-150x150.jpg\" alt=\"\"\/><\/a><\/div><div class=\"masonry-item\" style=\"padding-top:0.125rem\"><a href=\"https:\/\/www.schepers-photography.de\/wp-content\/uploads\/2025\/05\/Projekt__Spargelessen_2025_110525_112801_750_2726.jpg\" class=\"flex overflow-hidden\" style=\"border-radius:0rem\"><img decoding=\"async\" src=\"https:\/\/www.schepers-photography.de\/wp-content\/uploads\/2025\/05\/Projekt__Spargelessen_2025_110525_112801_750_2726-150x150.jpg\" alt=\"\"\/><\/a><\/div><div class=\"masonry-item\" style=\"padding-top:0.125rem\"><a href=\"https:\/\/www.schepers-photography.de\/wp-content\/uploads\/2025\/05\/Projekt__Spargelessen_2025_110525_112654_970_2710.jpg\" class=\"flex overflow-hidden\" style=\"border-radius:0rem\"><img decoding=\"async\" src=\"https:\/\/www.schepers-photography.de\/wp-content\/uploads\/2025\/05\/Projekt__Spargelessen_2025_110525_112654_970_2710-150x150.jpg\" alt=\"\"\/><\/a><\/div><div class=\"masonry-item\" style=\"padding-top:0.125rem\"><a href=\"https:\/\/www.schepers-photography.de\/wp-content\/uploads\/2025\/05\/Projekt__Spargelessen_2025_110525_112601_430_2696.jpg\" class=\"flex overflow-hidden\" style=\"border-radius:0rem\"><img decoding=\"async\" src=\"https:\/\/www.schepers-photography.de\/wp-content\/uploads\/2025\/05\/Projekt__Spargelessen_2025_110525_112601_430_2696-150x150.jpg\" alt=\"Gruppe von Menschen bei einer Versammlung im Freien.\"\/><\/a><\/div><div class=\"masonry-item\" style=\"padding-top:0.125rem\"><a href=\"https:\/\/www.schepers-photography.de\/wp-content\/uploads\/2025\/05\/Projekt__Spargelessen_2025_110525_112536_050_2693.jpg\" class=\"flex overflow-hidden\" style=\"border-radius:0rem\"><img decoding=\"async\" src=\"https:\/\/www.schepers-photography.de\/wp-content\/uploads\/2025\/05\/Projekt__Spargelessen_2025_110525_112536_050_2693-150x150.jpg\" alt=\"Gruppe von Menschen im Freien bei Sonnenschein\"\/><\/a><\/div><div class=\"masonry-item\" style=\"padding-top:0.125rem\"><a href=\"https:\/\/www.schepers-photography.de\/wp-content\/uploads\/2025\/05\/Projekt__Spargelessen_2025_110525_112520_830_2689.jpg\" class=\"flex overflow-hidden\" style=\"border-radius:0rem\"><img decoding=\"async\" src=\"https:\/\/www.schepers-photography.de\/wp-content\/uploads\/2025\/05\/Projekt__Spargelessen_2025_110525_112520_830_2689-150x150.jpg\" alt=\"Menschen unterhalten sich bei einer Au\u00dfenveranstaltung.\"\/><\/a><\/div><div class=\"masonry-item\" style=\"padding-top:0.125rem\"><a href=\"https:\/\/www.schepers-photography.de\/wp-content\/uploads\/2025\/05\/Projekt__Spargelessen_2025_110525_112516_170_7291.jpg\" class=\"flex overflow-hidden\" style=\"border-radius:0rem\"><img decoding=\"async\" src=\"https:\/\/www.schepers-photography.de\/wp-content\/uploads\/2025\/05\/Projekt__Spargelessen_2025_110525_112516_170_7291-150x150.jpg\" alt=\"Menschen im Gespr\u00e4ch bei einer Veranstaltung im Freien.\"\/><\/a><\/div><div class=\"masonry-item\" style=\"padding-top:0.125rem\"><a href=\"https:\/\/www.schepers-photography.de\/wp-content\/uploads\/2025\/05\/Projekt__Spargelessen_2025_110525_112513_800_2687.jpg\" class=\"flex overflow-hidden\" style=\"border-radius:0rem\"><img decoding=\"async\" src=\"https:\/\/www.schepers-photography.de\/wp-content\/uploads\/2025\/05\/Projekt__Spargelessen_2025_110525_112513_800_2687-150x150.jpg\" alt=\"Gruppe von Menschen bei einer Veranstaltung im Freien.\"\/><\/a><\/div><div class=\"masonry-item\" style=\"padding-top:0.125rem\"><a href=\"https:\/\/www.schepers-photography.de\/wp-content\/uploads\/2025\/05\/Projekt__Spargelessen_2025_110525_112505_210_7286.jpg\" class=\"flex overflow-hidden\" style=\"border-radius:0rem\"><img decoding=\"async\" src=\"https:\/\/www.schepers-photography.de\/wp-content\/uploads\/2025\/05\/Projekt__Spargelessen_2025_110525_112505_210_7286-150x150.jpg\" alt=\"Menschen unterhalten sich bei einer Veranstaltung im Freien.\"\/><\/a><\/div><div class=\"masonry-item\" style=\"padding-top:0.125rem\"><a href=\"https:\/\/www.schepers-photography.de\/wp-content\/uploads\/2025\/05\/Projekt__Spargelessen_2025_110525_112504_030_7281.jpg\" class=\"flex overflow-hidden\" style=\"border-radius:0rem\"><img decoding=\"async\" src=\"https:\/\/www.schepers-photography.de\/wp-content\/uploads\/2025\/05\/Projekt__Spargelessen_2025_110525_112504_030_7281-150x150.jpg\" alt=\"\u00c4lterer Mann mit Brille bei Veranstaltung\"\/><\/a><\/div><div class=\"masonry-item\" style=\"padding-top:0.125rem\"><a href=\"https:\/\/www.schepers-photography.de\/wp-content\/uploads\/2025\/05\/Projekt__Spargelessen_2025_110525_112448_220_7251.jpg\" class=\"flex overflow-hidden\" style=\"border-radius:0rem\"><img decoding=\"async\" src=\"https:\/\/www.schepers-photography.de\/wp-content\/uploads\/2025\/05\/Projekt__Spargelessen_2025_110525_112448_220_7251-150x150.jpg\" alt=\"Frau im Gespr\u00e4ch im Freien\"\/><\/a><\/div><div class=\"masonry-item\" style=\"padding-top:0.125rem\"><a href=\"https:\/\/www.schepers-photography.de\/wp-content\/uploads\/2025\/05\/Projekt__Spargelessen_2025_110525_112434_200_7243.jpg\" class=\"flex overflow-hidden\" style=\"border-radius:0rem\"><img decoding=\"async\" src=\"https:\/\/www.schepers-photography.de\/wp-content\/uploads\/2025\/05\/Projekt__Spargelessen_2025_110525_112434_200_7243-150x150.jpg\" alt=\"Person bei Gespr\u00e4ch drau\u00dfen mit Sonnenbrille\"\/><\/a><\/div><div class=\"masonry-item\" style=\"padding-top:0.125rem\"><a href=\"https:\/\/www.schepers-photography.de\/wp-content\/uploads\/2025\/05\/Projekt__Spargelessen_2025_110525_112416_000_7221.jpg\" class=\"flex overflow-hidden\" style=\"border-radius:0rem\"><img decoding=\"async\" src=\"https:\/\/www.schepers-photography.de\/wp-content\/uploads\/2025\/05\/Projekt__Spargelessen_2025_110525_112416_000_7221-150x150.jpg\" alt=\"\"\/><\/a><\/div><div class=\"masonry-item\" style=\"padding-top:0.125rem\"><a href=\"https:\/\/www.schepers-photography.de\/wp-content\/uploads\/2025\/05\/Projekt__Spargelessen_2025_110525_112357_290_7207.jpg\" class=\"flex overflow-hidden\" style=\"border-radius:0rem\"><img decoding=\"async\" src=\"https:\/\/www.schepers-photography.de\/wp-content\/uploads\/2025\/05\/Projekt__Spargelessen_2025_110525_112357_290_7207-150x150.jpg\" alt=\"\"\/><\/a><\/div><div class=\"masonry-item\" style=\"padding-top:0.125rem\"><a href=\"https:\/\/www.schepers-photography.de\/wp-content\/uploads\/2025\/05\/Projekt__Spargelessen_2025_110525_112350_030_7196.jpg\" class=\"flex overflow-hidden\" style=\"border-radius:0rem\"><img decoding=\"async\" src=\"https:\/\/www.schepers-photography.de\/wp-content\/uploads\/2025\/05\/Projekt__Spargelessen_2025_110525_112350_030_7196-150x150.jpg\" alt=\"\"\/><\/a><\/div><div class=\"masonry-item\" style=\"padding-top:0.125rem\"><a href=\"https:\/\/www.schepers-photography.de\/wp-content\/uploads\/2025\/05\/Projekt__Spargelessen_2025_110525_112348_320_7187.jpg\" class=\"flex overflow-hidden\" style=\"border-radius:0rem\"><img decoding=\"async\" src=\"https:\/\/www.schepers-photography.de\/wp-content\/uploads\/2025\/05\/Projekt__Spargelessen_2025_110525_112348_320_7187-150x150.jpg\" alt=\"\"\/><\/a><\/div><div class=\"masonry-item\" style=\"padding-top:0.125rem\"><a href=\"https:\/\/www.schepers-photography.de\/wp-content\/uploads\/2025\/05\/Projekt__Spargelessen_2025_110525_112219_400_2683.jpg\" class=\"flex overflow-hidden\" style=\"border-radius:0rem\"><img decoding=\"async\" src=\"https:\/\/www.schepers-photography.de\/wp-content\/uploads\/2025\/05\/Projekt__Spargelessen_2025_110525_112219_400_2683-150x150.jpg\" alt=\"\"\/><\/a><\/div><div class=\"masonry-item\" style=\"padding-top:0.125rem\"><a href=\"https:\/\/www.schepers-photography.de\/wp-content\/uploads\/2025\/05\/Projekt__Spargelessen_2025_110525_112152_090_7180.jpg\" class=\"flex overflow-hidden\" style=\"border-radius:0rem\"><img decoding=\"async\" src=\"https:\/\/www.schepers-photography.de\/wp-content\/uploads\/2025\/05\/Projekt__Spargelessen_2025_110525_112152_090_7180-150x150.jpg\" alt=\"Personen in Gespr\u00e4ch bei einem Event\"\/><\/a><\/div><div class=\"masonry-item\" style=\"padding-top:0.125rem\"><a href=\"https:\/\/www.schepers-photography.de\/wp-content\/uploads\/2025\/05\/Projekt__Spargelessen_2025_110525_112145_130_2676.jpg\" class=\"flex overflow-hidden\" style=\"border-radius:0rem\"><img decoding=\"async\" src=\"https:\/\/www.schepers-photography.de\/wp-content\/uploads\/2025\/05\/Projekt__Spargelessen_2025_110525_112145_130_2676-150x150.jpg\" alt=\"Menschen bei einer Versammlung im Freien.\"\/><\/a><\/div><div class=\"masonry-item\" style=\"padding-top:0.125rem\"><a href=\"https:\/\/www.schepers-photography.de\/wp-content\/uploads\/2025\/05\/Projekt__Spargelessen_2025_110525_112136_960_2671.jpg\" class=\"flex overflow-hidden\" style=\"border-radius:0rem\"><img decoding=\"async\" src=\"https:\/\/www.schepers-photography.de\/wp-content\/uploads\/2025\/05\/Projekt__Spargelessen_2025_110525_112136_960_2671-150x150.jpg\" alt=\"Menschen bei einem Event im Freien\"\/><\/a><\/div><div class=\"masonry-item\" style=\"padding-top:0.125rem\"><a href=\"https:\/\/www.schepers-photography.de\/wp-content\/uploads\/2025\/05\/Projekt__Spargelessen_2025_110525_112119_080_7138.jpg\" class=\"flex overflow-hidden\" style=\"border-radius:0rem\"><img decoding=\"async\" src=\"https:\/\/www.schepers-photography.de\/wp-content\/uploads\/2025\/05\/Projekt__Spargelessen_2025_110525_112119_080_7138-150x150.jpg\" alt=\"Person im Gespr\u00e4ch drau\u00dfen an einem sonnigen Tag\"\/><\/a><\/div><div class=\"masonry-item\" style=\"padding-top:0.125rem\"><a href=\"https:\/\/www.schepers-photography.de\/wp-content\/uploads\/2025\/05\/Projekt__Spargelessen_2025_110525_112112_430_7132.jpg\" class=\"flex overflow-hidden\" style=\"border-radius:0rem\"><img decoding=\"async\" src=\"https:\/\/www.schepers-photography.de\/wp-content\/uploads\/2025\/05\/Projekt__Spargelessen_2025_110525_112112_430_7132-150x150.jpg\" alt=\"Personengespr\u00e4ch im Freien an einem sonnigen Tag\"\/><\/a><\/div><div class=\"masonry-item\" style=\"padding-top:0.125rem\"><a href=\"https:\/\/www.schepers-photography.de\/wp-content\/uploads\/2025\/05\/Projekt__Spargelessen_2025_110525_112100_210_7122.jpg\" class=\"flex overflow-hidden\" style=\"border-radius:0rem\"><img decoding=\"async\" src=\"https:\/\/www.schepers-photography.de\/wp-content\/uploads\/2025\/05\/Projekt__Spargelessen_2025_110525_112100_210_7122-150x150.jpg\" alt=\"Gruppe \u00e4lterer Menschen im Gespr\u00e4ch im Freien.\"\/><\/a><\/div><div class=\"masonry-item\" style=\"padding-top:0.125rem\"><a href=\"https:\/\/www.schepers-photography.de\/wp-content\/uploads\/2025\/05\/Projekt__Spargelessen_2025_110525_112051_060_7112.jpg\" class=\"flex overflow-hidden\" style=\"border-radius:0rem\"><img decoding=\"async\" src=\"https:\/\/www.schepers-photography.de\/wp-content\/uploads\/2025\/05\/Projekt__Spargelessen_2025_110525_112051_060_7112-150x150.jpg\" alt=\"Menschen unterhalten sich im Freien.\"\/><\/a><\/div><div class=\"masonry-item\" style=\"padding-top:0.125rem\"><a href=\"https:\/\/www.schepers-photography.de\/wp-content\/uploads\/2025\/05\/Projekt__Spargelessen_2025_110525_112048_060_7099.jpg\" class=\"flex overflow-hidden\" style=\"border-radius:0rem\"><img decoding=\"async\" src=\"https:\/\/www.schepers-photography.de\/wp-content\/uploads\/2025\/05\/Projekt__Spargelessen_2025_110525_112048_060_7099-150x150.jpg\" alt=\"Menschen bei einem Gespr\u00e4ch im Freien.\"\/><\/a><\/div><div class=\"masonry-item\" style=\"padding-top:0.125rem\"><a href=\"https:\/\/www.schepers-photography.de\/wp-content\/uploads\/2025\/05\/Projekt__Spargelessen_2025_110525_112038_480_7070.jpg\" class=\"flex overflow-hidden\" style=\"border-radius:0rem\"><img decoding=\"async\" src=\"https:\/\/www.schepers-photography.de\/wp-content\/uploads\/2025\/05\/Projekt__Spargelessen_2025_110525_112038_480_7070-150x150.jpg\" alt=\"Personen bei einer Outdoor-Veranstaltung mit Getr\u00e4nken\"\/><\/a><\/div><div class=\"masonry-item\" style=\"padding-top:0.125rem\"><a href=\"https:\/\/www.schepers-photography.de\/wp-content\/uploads\/2025\/05\/Projekt__Spargelessen_2025_110525_112002_580_7040.jpg\" class=\"flex overflow-hidden\" style=\"border-radius:0rem\"><img decoding=\"async\" src=\"https:\/\/www.schepers-photography.de\/wp-content\/uploads\/2025\/05\/Projekt__Spargelessen_2025_110525_112002_580_7040-150x150.jpg\" alt=\"\"\/><\/a><\/div><div class=\"masonry-item\" style=\"padding-top:0.125rem\"><a href=\"https:\/\/www.schepers-photography.de\/wp-content\/uploads\/2025\/05\/Projekt__Spargelessen_2025_110525_111958_730_7034.jpg\" class=\"flex overflow-hidden\" style=\"border-radius:0rem\"><img decoding=\"async\" src=\"https:\/\/www.schepers-photography.de\/wp-content\/uploads\/2025\/05\/Projekt__Spargelessen_2025_110525_111958_730_7034-150x150.jpg\" alt=\"Menschen im Gespr\u00e4ch bei Veranstaltung drau\u00dfen\"\/><\/a><\/div><div class=\"masonry-item\" style=\"padding-top:0.125rem\"><a href=\"https:\/\/www.schepers-photography.de\/wp-content\/uploads\/2025\/05\/Projekt__Spargelessen_2025_110525_111946_880_7019.jpg\" class=\"flex overflow-hidden\" style=\"border-radius:0rem\"><img decoding=\"async\" src=\"https:\/\/www.schepers-photography.de\/wp-content\/uploads\/2025\/05\/Projekt__Spargelessen_2025_110525_111946_880_7019-150x150.jpg\" alt=\"Frau steht im Freien, umgeben von Menschen.\"\/><\/a><\/div><div class=\"masonry-item\" style=\"padding-top:0.125rem\"><a href=\"https:\/\/www.schepers-photography.de\/wp-content\/uploads\/2025\/05\/Projekt__Spargelessen_2025_110525_111926_170_7002.jpg\" class=\"flex overflow-hidden\" style=\"border-radius:0rem\"><img decoding=\"async\" src=\"https:\/\/www.schepers-photography.de\/wp-content\/uploads\/2025\/05\/Projekt__Spargelessen_2025_110525_111926_170_7002-150x150.jpg\" alt=\"\"\/><\/a><\/div><div class=\"masonry-item\" style=\"padding-top:0.125rem\"><a href=\"https:\/\/www.schepers-photography.de\/wp-content\/uploads\/2025\/05\/Projekt__Spargelessen_2025_110525_111924_330_6996.jpg\" class=\"flex overflow-hidden\" style=\"border-radius:0rem\"><img decoding=\"async\" src=\"https:\/\/www.schepers-photography.de\/wp-content\/uploads\/2025\/05\/Projekt__Spargelessen_2025_110525_111924_330_6996-150x150.jpg\" alt=\"\"\/><\/a><\/div><div class=\"masonry-item\" style=\"padding-top:0.125rem\"><a href=\"https:\/\/www.schepers-photography.de\/wp-content\/uploads\/2025\/05\/Projekt__Spargelessen_2025_110525_111922_340_6986.jpg\" class=\"flex overflow-hidden\" style=\"border-radius:0rem\"><img decoding=\"async\" src=\"https:\/\/www.schepers-photography.de\/wp-content\/uploads\/2025\/05\/Projekt__Spargelessen_2025_110525_111922_340_6986-150x150.jpg\" alt=\"\"\/><\/a><\/div><div class=\"masonry-item\" style=\"padding-top:0.125rem\"><a href=\"https:\/\/www.schepers-photography.de\/wp-content\/uploads\/2025\/05\/Projekt__Spargelessen_2025_110525_111920_970_6980.jpg\" class=\"flex overflow-hidden\" style=\"border-radius:0rem\"><img decoding=\"async\" src=\"https:\/\/www.schepers-photography.de\/wp-content\/uploads\/2025\/05\/Projekt__Spargelessen_2025_110525_111920_970_6980-150x150.jpg\" alt=\"\"\/><\/a><\/div><div class=\"masonry-item\" style=\"padding-top:0.125rem\"><a href=\"https:\/\/www.schepers-photography.de\/wp-content\/uploads\/2025\/05\/Projekt__Spargelessen_2025_110525_111903_390_6950.jpg\" class=\"flex overflow-hidden\" style=\"border-radius:0rem\"><img decoding=\"async\" src=\"https:\/\/www.schepers-photography.de\/wp-content\/uploads\/2025\/05\/Projekt__Spargelessen_2025_110525_111903_390_6950-150x150.jpg\" alt=\"Menschen unterhalten sich drau\u00dfen bei Sonnenschein.\"\/><\/a><\/div><div class=\"masonry-item\" style=\"padding-top:0.125rem\"><a href=\"https:\/\/www.schepers-photography.de\/wp-content\/uploads\/2025\/05\/Projekt__Spargelessen_2025_110525_111900_530_6942.jpg\" class=\"flex overflow-hidden\" style=\"border-radius:0rem\"><img decoding=\"async\" src=\"https:\/\/www.schepers-photography.de\/wp-content\/uploads\/2025\/05\/Projekt__Spargelessen_2025_110525_111900_530_6942-150x150.jpg\" alt=\"Drei Personen bei einem Empfang im Gespr\u00e4ch.\"\/><\/a><\/div><div class=\"masonry-item\" style=\"padding-top:0.125rem\"><a href=\"https:\/\/www.schepers-photography.de\/wp-content\/uploads\/2025\/05\/Projekt__Spargelessen_2025_110525_111859_750_6934.jpg\" class=\"flex overflow-hidden\" style=\"border-radius:0rem\"><img decoding=\"async\" src=\"https:\/\/www.schepers-photography.de\/wp-content\/uploads\/2025\/05\/Projekt__Spargelessen_2025_110525_111859_750_6934-150x150.jpg\" alt=\"Menschen unterhalten sich bei einem Empfang im Freien.\"\/><\/a><\/div><div class=\"masonry-item\" style=\"padding-top:0.125rem\"><a href=\"https:\/\/www.schepers-photography.de\/wp-content\/uploads\/2025\/05\/Projekt__Spargelessen_2025_110525_111845_040_6921.jpg\" class=\"flex overflow-hidden\" style=\"border-radius:0rem\"><img decoding=\"async\" src=\"https:\/\/www.schepers-photography.de\/wp-content\/uploads\/2025\/05\/Projekt__Spargelessen_2025_110525_111845_040_6921-150x150.jpg\" alt=\"\"\/><\/a><\/div><div class=\"masonry-item\" style=\"padding-top:0.125rem\"><a href=\"https:\/\/www.schepers-photography.de\/wp-content\/uploads\/2025\/05\/Projekt__Spargelessen_2025_110525_111843_300_6914.jpg\" class=\"flex overflow-hidden\" style=\"border-radius:0rem\"><img decoding=\"async\" src=\"https:\/\/www.schepers-photography.de\/wp-content\/uploads\/2025\/05\/Projekt__Spargelessen_2025_110525_111843_300_6914-150x150.jpg\" alt=\"Leute drau\u00dfen bei einem Empfang.\"\/><\/a><\/div><div class=\"masonry-item\" style=\"padding-top:0.125rem\"><a href=\"https:\/\/www.schepers-photography.de\/wp-content\/uploads\/2025\/05\/Projekt__Spargelessen_2025_110525_111839_780_6903.jpg\" class=\"flex overflow-hidden\" style=\"border-radius:0rem\"><img decoding=\"async\" src=\"https:\/\/www.schepers-photography.de\/wp-content\/uploads\/2025\/05\/Projekt__Spargelessen_2025_110525_111839_780_6903-150x150.jpg\" alt=\"Menschen servieren Getr\u00e4nke bei einer Veranstaltung im Freien.\"\/><\/a><\/div><div class=\"masonry-item\" style=\"padding-top:0.125rem\"><a href=\"https:\/\/www.schepers-photography.de\/wp-content\/uploads\/2025\/05\/Projekt__Spargelessen_2025_110525_111837_290_6897.jpg\" class=\"flex overflow-hidden\" style=\"border-radius:0rem\"><img decoding=\"async\" src=\"https:\/\/www.schepers-photography.de\/wp-content\/uploads\/2025\/05\/Projekt__Spargelessen_2025_110525_111837_290_6897-150x150.jpg\" alt=\"Personen bei einem Getr\u00e4nkeausschank im Freien.\"\/><\/a><\/div><div class=\"masonry-item\" style=\"padding-top:0.125rem\"><a href=\"https:\/\/www.schepers-photography.de\/wp-content\/uploads\/2025\/05\/Projekt__Spargelessen_2025_110525_111759_110_6867.jpg\" class=\"flex overflow-hidden\" style=\"border-radius:0rem\"><img decoding=\"async\" src=\"https:\/\/www.schepers-photography.de\/wp-content\/uploads\/2025\/05\/Projekt__Spargelessen_2025_110525_111759_110_6867-150x150.jpg\" alt=\"Menschen bei einem geselligen Treffen im Freien.\"\/><\/a><\/div><\/div>\n<\/div>\n\n\n\n<div class=\"wp-block-group has-global-padding is-layout-constrained wp-block-group-is-layout-constrained\" style=\"margin-top:var(--wp--preset--spacing--70);margin-bottom:var(--wp--preset--spacing--70)\">\n<div class=\"wp-block-columns alignwide is-layout-flex wp-container-core-columns-is-layout-f3a7ff92 wp-block-columns-is-layout-flex\">\n<div class=\"wp-block-column is-layout-flow wp-container-core-column-is-layout-119bc444 wp-block-column-is-layout-flow\">\n<p><strong>Politische Fotoreportage in Dudenhofen: Marie-Agnes Strack-Zimmermann beim Spargelessen der FDP R\u00f6merberg-Dudenhofen<\/strong><\/p>\n\n\n\n<p>Als professioneller Fotograf mit einem Schwerpunkt auf Reportage und Veranstaltungsdokumentation war ich im Mai 2025 im Auftrag des FDP-Gemeindeverbands R\u00f6merberg-Dudenhofen im Einsatz, um eine besondere politische Veranstaltung fotografisch zu begleiten: das traditionsreiche Spargelessen, bei dem dieses Jahr die Europaabgeordnete und Verteidigungspolitikerin Marie-Agnes Strack-Zimmermann zu Gast war.<\/p>\n\n\n\n<p><strong>Authentische Bilder politischer Begegnungen<\/strong><\/p>\n\n\n\n<p>Vor rund 70 G\u00e4sten im S\u00e4ngerheim der Liedertafel in Dudenhofen sprach Strack-Zimmermann offen \u00fcber die aktuelle Lage der FDP nach dem verpassten Einzug in den Bundestag. In ihrer Rede betonte sie, wie wichtig Verteidigungsbereitschaft, europ\u00e4ische Zusammenarbeit und eine wehrhafte Demokratie seien \u2013 Themen, die sie als ehemalige Vorsitzende des Verteidigungsausschusses im Bundestag und jetzige Europaabgeordnete wie kaum eine andere repr\u00e4sentiert.<\/p>\n\n\n\n<p>Anwesend waren neben Strack-Zimmermann zahlreiche Pers\u00f6nlichkeiten aus Politik und Wirtschaft, darunter Wirtschaftsministerin Daniela Schmitt, Justizminister Philipp Fernis und Katja Scharpwinkel von BASF. Die Veranstaltung zeichnete sich durch einen offenen Austausch und eine lebendige Atmosph\u00e4re aus \u2013 ideale Voraussetzungen f\u00fcr eine aussagekr\u00e4ftige Fotoreportage.<\/p>\n\n\n\n<p><strong>Veranstaltungsfotografie mit journalistischem Anspruch<\/strong><\/p>\n\n\n\n<p>Bei politischen Veranstaltungen wie dieser ist es mein Ziel, die Atmosph\u00e4re authentisch einzufangen \u2013 ohne gestellte Szenen, sondern mit einem Gesp\u00fcr f\u00fcr den richtigen Moment. Ob Redebeitr\u00e4ge, spontane Gespr\u00e4che oder Begegnungen im Hintergrund: Jede Aufnahme erz\u00e4hlt eine Geschichte.<\/p>\n\n\n\n<p>Meine Reportage dokumentierte nicht nur die zentralen Inhalte der Veranstaltung, sondern auch die Details, die sie einzigartig machen \u2013 vom Austausch zwischen den G\u00e4sten bis hin zu Momenten der Konzentration, des L\u00e4chelns, des Nachdenkens.<\/p>\n\n\n\n<p><strong>Fotograf f\u00fcr politische Events, Verb\u00e4nde &amp; Unternehmen<\/strong><\/p>\n\n\n\n<p>Als erfahrener Fotograf begleite ich regelm\u00e4\u00dfig Veranstaltungen im politischen, kommunalen und wirtschaftlichen Kontext \u2013 von Parteiveranstaltungen und Diskussionsrunden \u00fcber Empf\u00e4nge und Festakte bis hin zu internen Tagungen oder Pressekonferenzen. Dabei lege ich besonderen Wert auf eine diskrete Arbeitsweise, hochwertige Nachbearbeitung und die schnelle Bereitstellung der Bilder f\u00fcr Presse, Social Media und Archivzwecke.<\/p>\n\n\n\n<p><strong>Sie planen eine Veranstaltung mit politischem oder gesellschaftlichem Fokus?<\/strong><\/p>\n\n\n\n<p>Ob auf Landes-, Kommunal- oder Bundesebene \u2013 ich unterst\u00fctze Sie gerne mit einer professionellen fotografischen Begleitung. Gerne auch inklusive Vor-Ort-Auswahl der besten Bilder f\u00fcr den direkten Versand an Redaktionen oder den schnellen Upload f\u00fcr Social-Media-Teams.<\/p>\n<\/div>\n\n\n\n<div class=\"wp-block-column is-layout-flow wp-container-core-column-is-layout-119bc444 wp-block-column-is-layout-flow\">\n<div class=\"wp-block-group has-global-padding is-layout-constrained wp-block-group-is-layout-constrained\">\n<p class=\"has-extra-large-font-size\">Veranstaltungsfotografie \u2013 Reportagen \u2013 Politische Begleitung<\/p>\n\n\n\n<p><strong>Ihr Fotograf f\u00fcr Ludwigshafen, Speyer, den Rhein-Pfalz-Kreis, ganz Rheinland-Pfalz \u2013 und bundesweit.<\/strong><\/p>\n\n\n\n<p>Ob regional oder deutschlandweit: Wir sind Ihr zuverl\u00e4ssiger Partner f\u00fcr professionelle Fotografie. Dank unserer effizienten Arbeitsweise und modernen Technik liefern wir Ihre Bilder auf Wunsch <strong>Just-in-Time<\/strong> \u2013 direkt nach dem Shooting, termingem\u00e4\u00df und in h\u00f6chster Qualit\u00e4t.<\/p>\n\n\n\n<p style=\"border-style:none;border-width:0px;margin-top:var(--wp--preset--spacing--50);margin-right:0;margin-bottom:var(--wp--preset--spacing--50);margin-left:0\">Sie ben\u00f6tigen kurzfristig Bilder f\u00fcr eine Pr\u00e4sentation, Ver\u00f6ffentlichung oder ein Projekt? Kein Problem \u2013 sprechen Sie uns einfach an. Gemeinsam kl\u00e4ren wir Ihren individuellen Bedarf und sorgen f\u00fcr eine reibungslose und schnelle \u00dcbertragung Ihrer Aufnahmen. Sogar direkt von der Veranstaltung bieten wir Ihnen die M\u00f6glichkeit Bilder Sekunden nach dem Ausl\u00f6sen auf Ihrem Server zu finden. <\/p>\n\n\n\n<p><\/p>\n\n\n<div class='fluentform ff-default fluentform_wrapper_4  ff_guten_block ff_guten_block-4 ffs_custom_wrap'><form data-form_id=\"4\" id=\"fluentform_4\" class=\"frm-fluent-form fluent_form_4 ff-el-form-top ff_form_instance_4_1 ff-form-loading ff_has_v3_recptcha ffs_custom\" data-form_instance=\"ff_form_instance_4_1\" method=\"POST\" data-recptcha_key=\"6Lc1s8EqAAAAALbEEVduac2sm7BzM6xttC6kvQG8\" ><fieldset  style=\"border: none!important;margin: 0!important;padding: 0!important;background-color: transparent!important;box-shadow: none!important;outline: none!important; min-inline-size: 100%;\">\n                    <legend class=\"ff_screen_reader_title\" style=\"display: block; margin: 0!important;padding: 0!important;height: 0!important;text-indent: -999999px;width: 0!important;overflow:hidden;\">Anfrage Reportage<\/legend>        <div\n                style=\"display: none!important; position: absolute!important; transform: translateX(1000%)!important;\"\n                class=\"ff-el-group ff-hpsf-container\"\n        >\n            <div class=\"ff-el-input--label asterisk-right\">\n                <label for=\"ff_4_item_sf\" aria-label=\"Notify\">\n                    Notify                <\/label>\n            <\/div>\n            <div class=\"ff-el-input--content\">\n                <input type=\"text\"\n                       name=\"item_4__fluent_sf\"\n                       class=\"ff-el-form-control\"\n                       id=\"ff_4_item_sf\"\n                \/>\n            <\/div>\n        <\/div>\n                <input type=\"hidden\" id=\"__fluent_protection_token_4\" class=\"fluent-form-token-field\" name=\"__fluent_protection_token_4\">\n        <input type='hidden' name='__fluent_form_embded_post_id' value='45863' \/><input type=\"hidden\" id=\"_fluentform_4_fluentformnonce\" name=\"_fluentform_4_fluentformnonce\" value=\"039b42eafe\" \/><input type=\"hidden\" name=\"_wp_http_referer\" value=\"\/en\/wp-json\/wp\/v2\/posts\/45863\" \/><div data-type=\"name-element\" data-name=\"names\" class=\" ff-field_container ff-name-field-wrapper\" ><div class='ff-t-container'><div class='ff-t-cell '><div class='ff-el-group  ff-el-form-hide_label'><div class=\"ff-el-input--label ff-el-is-required asterisk-right\"><label for='ff_4_names_first_name_' id='label_ff_4_names_first_name_' >Vorname<\/label><\/div><div class='ff-el-input--content'><input type=\"text\" name=\"names[first_name]\" id=\"ff_4_names_first_name_\" class=\"ff-el-form-control\" placeholder=\"Vorname\" tabindex=\"1\" aria-invalid=\"false\" aria-required=true><\/div><\/div><\/div><div class='ff-t-cell '><div class='ff-el-group  ff-el-form-hide_label'><div class=\"ff-el-input--label ff-el-is-required asterisk-right\"><label for='ff_4_names_last_name_' id='label_ff_4_names_last_name_' >Nachname<\/label><\/div><div class='ff-el-input--content'><input type=\"text\" name=\"names[last_name]\" id=\"ff_4_names_last_name_\" class=\"ff-el-form-control\" placeholder=\"Nachname\" tabindex=\"2\" aria-invalid=\"false\" aria-required=true><\/div><\/div><\/div><\/div><\/div><div class='ff-el-group ff-el-form-hide_label'><div class=\"ff-el-input--label ff-el-is-required asterisk-right\"><label for='ff_4_email' id='label_ff_4_email' aria-label=\"E-Mail\">E-Mail<\/label><\/div><div class='ff-el-input--content'><input type=\"email\" name=\"email\" id=\"ff_4_email\" class=\"ff-el-form-control\" placeholder=\"E-Mail Adresse\" data-name=\"email\" tabindex=\"3\"  aria-invalid=\"false\" aria-required=true><\/div><\/div><div class='ff-el-group ff-el-form-hide_label'><div class=\"ff-el-input--label ff-el-is-required asterisk-right\"><label for='ff_4_dropdown' id='label_ff_4_dropdown' aria-label=\"Thema:\">Thema:<\/label><\/div><div class='ff-el-input--content'><select name=\"dropdown\" id=\"ff_4_dropdown\" class=\"ff-el-form-control  ff_has_multi_select\" data-name=\"dropdown\" data-calc_value=\"0\" tabindex=\"4\"  aria-invalid=\"false\" aria-required=\"true\" aria-labelledby=\"label_ff_4_dropdown\"><option value=\"\">&#8211; Treffe eine Auswahl zum Thema &#8211;<\/option><option value=\"Messe \/ Ausstellung\"  >Messe \/ Ausstellung<\/option><option value=\"Firmenevent \/ Jubil\u00e4um \/ Tagung\"  >Firmenevent \/ Jubil\u00e4um \/ Tagung<\/option><option value=\"Politische Veranstaltung\"  >Politische Veranstaltung<\/option><option value=\"Sonstige\"  >Sonstige<\/option><option value=\"Pressekonferenz \/ Medienauftritt\"  >Pressekonferenz \/ Medienauftritt<\/option><\/select><\/div><\/div><div data-name=\"ff_cn_id_1\"  class='ff-t-container ff-column-container ff_columns_total_3 '><div class='ff-t-cell ff-t-column-1' style='flex-basis: 33.33%;'><div class='ff-el-group'><div class=\"ff-el-input--label ff-el-is-required asterisk-right\"><label for='ff_4_datetime' id='label_ff_4_datetime' aria-label=\"Datum\/Uhrzeit\">Datum\/Uhrzeit<\/label><\/div><div class='ff-el-input--content'><input  aria-label='Datum\/Uhrzeit Use arrow keys to navigate dates. Press enter to select a date.'  aria-haspopup='dialog' data-type-datepicker data-format='d\/m\/Y' type=\"text\" name=\"datetime\" id=\"ff_4_datetime\" class=\"ff-el-form-control ff-el-datepicker\" data-name=\"datetime\" tabindex=\"5\"  aria-invalid='false' aria-required=true><\/div><\/div><\/div><div class='ff-t-cell ff-t-column-2' style='flex-basis: 33.33%;'><div class='ff-el-group'><div class=\"ff-el-input--label asterisk-right\"><label for='ff_4_datetime_1' id='label_ff_4_datetime_1' aria-label=\"Beginn Veranstaltung:\">Beginn Veranstaltung:<\/label><\/div><div class='ff-el-input--content'><input  aria-label='Beginn Veranstaltung: Use arrow keys to navigate dates. Press enter to select a date.'  aria-haspopup='dialog' data-type-datepicker data-format='H:i' type=\"text\" name=\"datetime_1\" value=\"10:00\" id=\"ff_4_datetime_1\" class=\"ff-el-form-control ff-el-datepicker\" placeholder=\"z.B.: 12:00Uhr\" data-name=\"datetime_1\" tabindex=\"6\"  aria-invalid='false' aria-required=false><\/div><\/div><\/div><div class='ff-t-cell ff-t-column-3' style='flex-basis: 33.33%;'><div class='ff-el-group'><div class=\"ff-el-input--label asterisk-right\"><label for='ff_4_datetime_2' id='label_ff_4_datetime_2' aria-label=\"Ende Veranstaltung:\">Ende Veranstaltung:<\/label><\/div><div class='ff-el-input--content'><input  aria-label='Ende Veranstaltung: Use arrow keys to navigate dates. Press enter to select a date.'  aria-haspopup='dialog' data-type-datepicker data-format='H:i' type=\"text\" name=\"datetime_2\" value=\"21:00\" id=\"ff_4_datetime_2\" class=\"ff-el-form-control ff-el-datepicker\" placeholder=\"z.B.: 16:00Uhr\" data-name=\"datetime_2\" tabindex=\"7\"  aria-invalid='false' aria-required=false><\/div><\/div><\/div><\/div><div class='ff-el-group ff-el-form-hide_label'><div class=\"ff-el-input--label asterisk-right\"><label for='ff_4_message' id='label_ff_4_message' aria-label=\"Nachricht\">Nachricht<\/label><\/div><div class='ff-el-input--content'><textarea aria-required=\"false\" aria-labelledby=\"label_ff_4_message\" name=\"message\" id=\"ff_4_message\" class=\"ff-el-form-control\" placeholder=\"Nachricht\" rows=\"6\" cols=\"2\" data-name=\"message\" tabindex=\"8\" ><\/textarea><\/div><\/div><div class='ff-el-group    ff-el-input--content'><div class='ff-el-form-check ff-el-tc'><label aria-label='Ich bin damit einverstanden, dass diese Website meine eingereichten Informationen speichert, damit sie auf meine Anfrage antworten k\u00f6nnen.' class='ff-el-form-check-label ff_tc_label' for=gdpr-agreement_b46e4f8aaed1670c4dbd57e648fe8c90><span class='ff_tc_checkbox'><input type=\"checkbox\" name=\"gdpr-agreement\" class=\"ff-el-form-check-input ff_gdpr_field\" data-name=\"gdpr-agreement\" id=\"gdpr-agreement_b46e4f8aaed1670c4dbd57e648fe8c90\" tabindex=\"9\"  value='on' aria-invalid='false' aria-required=true><\/span> <div class='ff_t_c'>Ich bin damit einverstanden, dass diese Website meine eingereichten Informationen speichert, damit sie auf meine Anfrage antworten k\u00f6nnen.<\/div><\/label><\/div><\/div><div class='ff-el-group ff-text-right ff_submit_btn_wrapper ff_submit_btn_wrapper_custom'><button class=\"ff-btn ff-btn-submit ff-btn-lg wp-element-button ff_btn_no_style\" type=\"submit\" name=\"custom_submit_button-4_1\" data-name=\"custom_submit_button-4_1\" tabindex=\"10\"  aria-label=\"Absenden\">Absenden<\/button><\/div><\/fieldset><\/form><div id='fluentform_4_errors' class='ff-errors-in-stack ff_form_instance_4_1 ff-form-loading_errors ff_form_instance_4_1_errors'><\/div><\/div>            <script type=\"text\/javascript\">\n                window.fluent_form_ff_form_instance_4_1 = {\"id\":\"4\",\"ajaxUrl\":\"https:\\\/\\\/www.schepers-photography.de\\\/wp-admin\\\/admin-ajax.php\",\"settings\":{\"layout\":{\"labelPlacement\":\"top\",\"helpMessagePlacement\":\"with_label\",\"errorMessagePlacement\":\"inline\",\"cssClassName\":\"\",\"asteriskPlacement\":\"asterisk-right\"},\"restrictions\":{\"denyEmptySubmission\":{\"enabled\":false}}},\"form_instance\":\"ff_form_instance_4_1\",\"form_id_selector\":\"fluentform_4\",\"rules\":{\"names[first_name]\":{\"required\":{\"value\":true,\"message\":\"Dieses Feld ist erforderlich!\",\"global\":false,\"global_message\":\"Dieses Feld ist erforderlich!\"}},\"names[middle_name]\":{\"required\":{\"value\":false,\"message\":\"This field is required\",\"global\":false,\"global_message\":\"Dieses Feld ist erforderlich!\"}},\"names[last_name]\":{\"required\":{\"value\":true,\"message\":\"Dieses Feld ist erforderlich!\",\"global\":false,\"global_message\":\"Dieses Feld ist erforderlich!\"}},\"email\":{\"required\":{\"value\":true,\"message\":\"Dieses Feld ist erforderlich!\",\"global\":false,\"global_message\":\"Dieses Feld ist erforderlich!\"},\"email\":{\"value\":true,\"message\":\"Dieses Feld muss eine g\\u00fcltige E-Mail Adresse beinhalten!\",\"global\":false,\"global_message\":\"Dieses Feld muss eine g\\u00fcltige E-Mail-Adresse enthalten!\"}},\"dropdown\":{\"required\":{\"value\":true,\"message\":\"Dieses Feld ist erforderlich\",\"global\":false,\"global_message\":\"Dieses Feld ist erforderlich!\"}},\"datetime\":{\"required\":{\"value\":true,\"message\":\"Dieses Feld ist erforderlich!\",\"global_message\":\"Dieses Feld ist erforderlich!\",\"global\":true}},\"datetime_1\":{\"required\":{\"value\":false,\"message\":\"Dieses Feld ist erforderlich!\",\"global_message\":\"Dieses Feld ist erforderlich!\",\"global\":true}},\"datetime_2\":{\"required\":{\"value\":false,\"message\":\"Dieses Feld ist erforderlich!\",\"global_message\":\"Dieses Feld ist erforderlich!\",\"global\":true}},\"message\":{\"required\":{\"value\":false,\"message\":\"Dieses Feld ist erforderlich!\",\"global\":false,\"global_message\":\"Dieses Feld ist erforderlich!\"}},\"gdpr-agreement\":{\"required\":{\"value\":true,\"message\":\"Dieses Feld ist erforderlich!\",\"global\":true,\"global_message\":\"Dieses Feld ist erforderlich!\"}}},\"debounce_time\":300};\n                            <\/script>\n            <\/div>\n<\/div>\n<\/div>\n<\/div>\n\n\n\n<p><\/p>\n\n\n\n","protected":false},"excerpt":{"rendered":"<p>At the traditional asparagus dinner of the FDP R\u00f6merberg-Dudenhofen, political foresight, economic common sense and culinary enjoyment came together - with strong impulses from BASF, Strack-Zimmermann and Daniela Schmitt for freedom, innovation and responsibility in Europe.<\/p>","protected":false},"author":2,"featured_media":45557,"comment_status":"closed","ping_status":"closed","sticky":false,"template":"","format":"standard","meta":{"_seopress_robots_primary_cat":"none","_seopress_titles_title":"Spargelessen R\u00f6merberg: FDP vereint Politik & Wirtschaft","_seopress_titles_desc":"Erleben Sie politische Weitblick beim 46. FDP-Spargelessen in R\u00f6merberg-Dudenhofen. Prominente G\u00e4ste debattieren \u00fcber wirtschaftliche Verantwortung & Fortschritt.","_seopress_robots_index":"","postgrid_pro_post_meta_color":"#a3bf00de","postgrid_pro_post_meta_text_color":"#ffffff","werbesofa_core_post_meta_password_title":"","werbesofa_core_post_meta_password_text":"","footnotes":""},"categories":[113],"tags":[76,405,306,390,237,391,407,388,396,200,389,403,400,394,408,410,393,392,409,211,386,398,387,404,402,385,382,399,401,397,384,406,383,246,395],"class_list":{"0":"post-45863","1":"post","2":"type-post","3":"status-publish","4":"format-standard","5":"has-post-thumbnail","7":"category-news","8":"tag-basf","9":"tag-daniela-schmitt","10":"tag-energiepreise","11":"tag-europaeische-verantwortung","12":"tag-fdp","13":"tag-freiheit","14":"tag-gesellschaftliche-mitte","15":"tag-industriepolitik","16":"tag-industriestandort","17":"tag-innovation","18":"tag-juergen-creutzmann","19":"tag-justus-rabe","20":"tag-katja-scharpwinkel","21":"tag-klimafreundlichkeit","22":"tag-kuebler","23":"tag-liberale-handschrift","24":"tag-liberaler-geist","25":"tag-liedertafel-dudenhofen","26":"tag-loesungsorientierte-politik","27":"tag-ludwigshafen","28":"tag-marie-agnes-strack-zimmermann","29":"tag-nachhaltige-chemie","30":"tag-planungssicherheit","31":"tag-politische-rahmenbedingungen","32":"tag-politische-verantwortung","33":"tag-roemerberg-dudenhofen","34":"tag-spargelessen","35":"tag-transformation","36":"tag-unternehmerisches-denken","37":"tag-wirtschaftliche-staerke","38":"tag-wirtschaftliche-verantwortung","39":"tag-wirtschaftlicher-sachverstand","40":"tag-wirtschaftspolitische-vernunft","41":"tag-wohlstand","42":"tag-zukunftsgestaltung"},"_links":{"self":[{"href":"https:\/\/www.schepers-photography.de\/en\/wp-json\/wp\/v2\/posts\/45863","targetHints":{"allow":["GET"]}}],"collection":[{"href":"https:\/\/www.schepers-photography.de\/en\/wp-json\/wp\/v2\/posts"}],"about":[{"href":"https:\/\/www.schepers-photography.de\/en\/wp-json\/wp\/v2\/types\/post"}],"author":[{"embeddable":true,"href":"https:\/\/www.schepers-photography.de\/en\/wp-json\/wp\/v2\/users\/2"}],"replies":[{"embeddable":true,"href":"https:\/\/www.schepers-photography.de\/en\/wp-json\/wp\/v2\/comments?post=45863"}],"version-history":[{"count":3,"href":"https:\/\/www.schepers-photography.de\/en\/wp-json\/wp\/v2\/posts\/45863\/revisions"}],"predecessor-version":[{"id":86784,"href":"https:\/\/www.schepers-photography.de\/en\/wp-json\/wp\/v2\/posts\/45863\/revisions\/86784"}],"wp:featuredmedia":[{"embeddable":true,"href":"https:\/\/www.schepers-photography.de\/en\/wp-json\/wp\/v2\/media\/45557"}],"wp:attachment":[{"href":"https:\/\/www.schepers-photography.de\/en\/wp-json\/wp\/v2\/media?parent=45863"}],"wp:term":[{"taxonomy":"category","embeddable":true,"href":"https:\/\/www.schepers-photography.de\/en\/wp-json\/wp\/v2\/categories?post=45863"},{"taxonomy":"post_tag","embeddable":true,"href":"https:\/\/www.schepers-photography.de\/en\/wp-json\/wp\/v2\/tags?post=45863"}],"curies":[{"name":"wp","href":"https:\/\/api.w.org\/{rel}","templated":true}]}}