{"id":23416,"date":"2023-08-22T03:22:00","date_gmt":"2023-08-22T01:22:00","guid":{"rendered":"https:\/\/www.schepers-photography.de\/?p=23416"},"modified":"2026-04-27T13:13:25","modified_gmt":"2026-04-27T11:13:25","slug":"one-lemonade-please-maikammer-celebrates-pfaelzer-gartenmarkt-2023","status":"publish","type":"post","link":"https:\/\/www.schepers-photography.de\/en\/einmal-zitronenlimonade-bitte-maikammer-feiert-pfaelzer-gartenmarkt-2023\/","title":{"rendered":"One lemonade please ;) | Maikammer celebrates Palatinate Garden Market 2023"},"content":{"rendered":"\n<div class=\"wp-block-group has-global-padding is-layout-constrained wp-block-group-is-layout-constrained\">\n<div class=\"wp-block-werbesofa-core-overlay alignfull is-position-bottom-left\" style=\"min-height:65rem;background-image:url(https:\/\/www.schepers-photography.de\/wp-content\/uploads\/2023\/08\/gartenmarkt_maikammer_2023_0123_klein.jpg);background-position:57.99999999999999% 53%;background-size:cover\"><div class=\"wp-block-werbesofa-core-overlay-innerblocks-container\"><div class=\"wp-block-werbesofa-core-overlay-innerblocks\">\n<div class=\"wp-block-werbesofa-core-spacer top left\" style=\"color:#fff;height:6rem\"><svg xmlns=\"http:\/\/www.w3.org\/2000\/svg\" viewBox=\"0 0 1440 320\" preserveAspectRatio=\"none\"><path fill=\"currentColor\" fill-opacity=\"1\" d=\"M0,160L48,144C96,128,192,96,288,96C384,96,480,128,576,122.7C672,117,768,75,864,96C960,117,1056,203,1152,229.3C1248,256,1344,224,1392,208L1440,192L1440,320L1392,320C1344,320,1248,320,1152,320C1056,320,960,320,864,320C768,320,672,320,576,320C480,320,384,320,288,320C192,320,96,320,48,320L0,320Z\"><\/path><\/svg><\/div>\n\n\n\n<div class=\"wp-block-group has-primary-accent-color has-text-color has-background has-link-color wp-elements-ee102c6d1132a92291549167a976caa8 has-global-padding is-layout-constrained wp-container-core-group-is-layout-e635524a wp-block-group-is-layout-constrained\" style=\"border-radius:0.5rem;background-color:#94c21fc2;padding-top:var(--wp--preset--spacing--50);padding-right:var(--wp--preset--spacing--50);padding-bottom:var(--wp--preset--spacing--50);padding-left:var(--wp--preset--spacing--50)\">\n<h2 class=\"wp-block-heading has-contrast-color has-text-color has-link-color wp-elements-d33132f4ca068d6c28c1978d7b0355ea\" style=\"margin-bottom:var(--wp--preset--spacing--30);font-size:clamp(0.875rem, 0.875rem + ((1vw - 0.2rem) * 0.625), 1.25rem);font-style:normal;font-weight:600\">Einmal Zitronenlimonade bitte \ud83d\ude09 | Maikammer feiert Pf\u00e4lzer Gartenmarkt 2023<\/h2>\n\n\n\n<p class=\"has-contrast-color has-text-color has-link-color wp-elements-3c07be9f3b6226a1ece396e01b6fbf63\">Unter blauen Himmel und bei hohen Temperaturen schlendern Menschen mit pr\u00e4chtigen Blumen und stattlichen T\u00f6pfen durchs Dorf. Der Gartenmarkt in Maikammer 2023<\/p>\n<\/div>\n\n\n\n<div class=\"wp-block-werbesofa-core-spacer bottom left\" style=\"color:#94c11f;height:8rem\"><svg xmlns=\"http:\/\/www.w3.org\/2000\/svg\" viewBox=\"0 0 1440 320\" preserveAspectRatio=\"none\"><path fill=\"currentColor\" fill-opacity=\"1\" d=\"M0,0L48,32C96,64,192,128,288,165.3C384,203,480,213,576,208C672,203,768,181,864,176C960,171,1056,181,1152,160C1248,139,1344,85,1392,58.7L1440,32L1440,320L1392,320C1344,320,1248,320,1152,320C1056,320,960,320,864,320C768,320,672,320,576,320C480,320,384,320,288,320C192,320,96,320,48,320L0,320Z\"><\/path><\/svg><\/div>\n<\/div><\/div><\/div>\n<\/div>\n\n\n\n<div class=\"wp-block-group has-primary-background-color has-background has-global-padding is-layout-constrained wp-block-group-is-layout-constrained\" style=\"padding-top:var(--wp--preset--spacing--80);padding-bottom:0\">\n<div class=\"wp-block-columns alignwide has-primary-accent-background-color has-background is-layout-flex wp-container-core-columns-is-layout-b0fdc6d9 wp-block-columns-is-layout-flex\" style=\"padding-top:var(--wp--preset--spacing--50);padding-right:var(--wp--preset--spacing--40);padding-bottom:var(--wp--preset--spacing--50);padding-left:var(--wp--preset--spacing--40)\">\n<div class=\"wp-block-column is-layout-flow wp-container-core-column-is-layout-119bc444 wp-block-column-is-layout-flow\">\n<h2 class=\"wp-block-heading has-extra-large-font-size\" style=\"font-style:normal;font-weight:600\">Wie w\u00e4rs mit Limonade zum Fr\u00fchst\u00fcck in Maikammer?<\/h2>\n\n\n\n<p class=\"has-large-font-size\" style=\"font-style:normal;font-weight:500\">Ein fotografischer Streifzug durch Maikammer und dem Gartenmarkt 2023.<\/p>\n\n\n\n<p class=\"has-small-font-size\" style=\"font-style:normal;font-weight:500\">Werbefotografie von SchepersPhotography | Gartenmarkt Maikammer 2023 Auftraggeber: Maikammer Erlebnisland<\/p>\n\n\n\n<p>In Maikammer ist die Atmosph\u00e4re geradezu elektrisierend. Unter blauen Himmel und bei richtig warmen Temperaturen schlendern Menschen mit pr\u00e4chtigen Blumen und stattlichen T\u00f6pfen durch das malerische Dorf. \u00dcberall ist Gel\u00e4chter und fr\u00f6hliches Geplauder zu h\u00f6ren. Ein Blick gen\u00fcgt, um zu erkennen: Der Gartenmarkt in Maikammer hat wieder seine Pforten ge\u00f6ffnet und zieht Gartenliebhaber und Gartenfreunde aus allen Ecken an. Doch nicht nur die Einheimischen sind von diesem Ereignis angezogen. Autos aus Frankfurt, W\u00fcrzburg und Heidelberg parken am Stra\u00dfenrand, und am Wochenende um den 20. September 2023 ist es keine Seltenheit, sogar belgische und niederl\u00e4ndische Nummernschilder zu entdecken.<\/p>\n\n\n\n<p>Mitten im pulsierenden Herzen des lebhaften Treibens erhebt sich ein charmanter Limonadenstand, der wie eine Oase der Erfrischung wirkt. Hier, wo die Zeit f\u00fcr einen Moment stillzustehen scheint, versammeln sich Menschen jeden Alters, um gemeinsam in Erinnerungen zu schwelgen und das s\u00fc\u00dfe Aroma der Kindheit wiederzuentdecken. Jeder Schluck dieser spritzigen Limonade weckt Erinnerungen an sonnige Tage, an denen man vielleicht selbst einmal hinter einem kleinen Limonadenstand stand. Die verf\u00fchrerische S\u00fc\u00dfe der Zitrusfr\u00fcchte, gepaart mit einem sanften Prickeln, bietet die perfekte Abk\u00fchlung an hei\u00dfen Sommertagen. Ein Besuch hier ist nicht nur eine Reise in die Vergangenheit, sondern auch eine Einladung, sich dem Hier und Jetzt hinzugeben und das Leben in vollen Z\u00fcgen zu genie\u00dfen.<\/p>\n\n\n\n<p>Maikammer wird in diesen Tagen zu einem wahren Mekka f\u00fcr Gartenliebhaber und alle, die das gute Leben zu sch\u00e4tzen wissen. Die gute Stimmung ist ansteckend, und es f\u00fchlt sich an, als w\u00fcrde das ganze Dorf in einem gemeinsamen Rhythmus pulsieren. Es sind Tage wie diese, die in Erinnerung bleiben und die Vorfreude auf das n\u00e4chste Jahr wecken.<\/p>\n<\/div>\n\n\n\n<div class=\"wp-block-column is-layout-flow wp-container-core-column-is-layout-119bc444 wp-block-column-is-layout-flow\">\n<p>Beim Gartenmarkt bzw. Gartenfest in Maikammer pr\u00e4sentieren sich \u00fcber 130 lokale und internationale Anbieter. Hier finden Sie alles von exotischen Pflanzen, seltenen Rosen und Kr\u00e4utermischungen bis hin zu Gartenb\u00fcchern und Deko-Elementen. Gourmetfreunde k\u00f6nnen sich an den St\u00e4nden mit Naturprodukten verw\u00f6hnen lassen, w\u00e4hrend lokale Winzer und Gastronomen f\u00fcr das leibliche Wohl sorgen. Das Event bietet auch informative Vortr\u00e4ge und F\u00fchrungen durch den Mediterranen Garten, geleitet von dem Pflanzenkenner Peter Straub. Und f\u00fcr diejenigen, die noch mehr entdecken m\u00f6chten, \u00f6ffnen besondere G\u00e4rten in der Umgebung ihre Tore f\u00fcr Besucher. Ein fotografisches Highlight, festgehalten durch den Blick eines Fotografen.<\/p>\n\n\n\n<blockquote class=\"wp-block-quote is-style-default is-layout-flow wp-block-quote-is-layout-flow\">\n<div class=\"wp-block-werbesofa-core-icon\"><?xml version=\"1.0\"?>\n<svg style=\"height: 3rem; width: 3rem;\" xmlns=\"http:\/\/www.w3.org\/2000\/svg\" viewBox=\"0 0 32 32\" fill=\"currentColor\"><path d=\"M6.6 19.24c-.66 1.66-1.7 3.3-3.09 4.88-.44.5-.5 1.22-.14 1.78.28.44.74.68 1.24.68.14 0 .28-.01.42-.06 2.94-.86 9.81-3.91 10-13.69.07-3.77-2.69-7.01-6.28-7.38-1.99-.2-3.97.45-5.44 1.77A7.038 7.038 0 0 0 1 12.43c0 3.3 2.34 6.19 5.6 6.81zM24.71 5.45c-1.98-.2-3.96.45-5.43 1.77a7.037 7.037 0 0 0-2.31 5.21c0 3.3 2.34 6.19 5.6 6.81-.66 1.66-1.7 3.3-3.09 4.88-.44.5-.5 1.22-.14 1.78.28.44.74.68 1.24.68.14 0 .28-.01.42-.06 2.94-.86 9.81-3.91 10-13.69v-.14c0-3.71-2.73-6.87-6.29-7.24z\" fill=\"currentColor\"\/><\/svg>\n<\/div>\n\n\n\n<p class=\"has-large-font-size\"><em><em><em><em>Im Herzen von Maikammer, auf dem Gartenmarkt, f\u00fchlte ich mich nicht nur als Fotograf, sondern als Teil einer lebendigen, pulsierenden Gemeinschaft. Mit jeder Aufnahme tauchte ich tiefer in eine Welt ein, in der offene Herzen und l\u00e4chelnde Gesichter im Einklang mit dem strahlenden Sonnenschein tanzten. Es war nicht nur ein Fototermin, sondern eine Reise durch eine Oase der Freundlichkeit und W\u00e4rme. Ein Ort, an dem sich wunderbare Seelen trafen &#8211; einfach Chepau!<\/em><\/em><\/em><\/em><\/p>\n<cite><mark style=\"background-color:rgba(0, 0, 0, 0);color:#999999\" class=\"has-inline-color\">Michael Schepers<\/mark><\/cite><\/blockquote>\n\n\n<div class='fluentform ff-default fluentform_wrapper_4  ff_guten_block ff_guten_block-4 ffs_custom_wrap'><form data-form_id=\"4\" id=\"fluentform_4\" class=\"frm-fluent-form fluent_form_4 ff-el-form-top ff_form_instance_4_1 ff-form-loading ff_has_v3_recptcha ffs_custom\" data-form_instance=\"ff_form_instance_4_1\" method=\"POST\" data-recptcha_key=\"6Lc1s8EqAAAAALbEEVduac2sm7BzM6xttC6kvQG8\" ><fieldset  style=\"border: none!important;margin: 0!important;padding: 0!important;background-color: transparent!important;box-shadow: none!important;outline: none!important; min-inline-size: 100%;\">\n                    <legend class=\"ff_screen_reader_title\" style=\"display: block; margin: 0!important;padding: 0!important;height: 0!important;text-indent: -999999px;width: 0!important;overflow:hidden;\">Anfrage Reportage<\/legend>        <div\n                style=\"display: none!important; position: absolute!important; transform: translateX(1000%)!important;\"\n                class=\"ff-el-group ff-hpsf-container\"\n        >\n            <div class=\"ff-el-input--label asterisk-right\">\n                <label for=\"ff_4_item_sf\" aria-label=\"Newsletter\">\n                    Newsletter                <\/label>\n            <\/div>\n            <div class=\"ff-el-input--content\">\n                <input type=\"text\"\n                       name=\"item_4__fluent_sf\"\n                       class=\"ff-el-form-control\"\n                       id=\"ff_4_item_sf\"\n                \/>\n            <\/div>\n        <\/div>\n                <input type=\"hidden\" id=\"__fluent_protection_token_4\" class=\"fluent-form-token-field\" name=\"__fluent_protection_token_4\">\n        <input type='hidden' name='__fluent_form_embded_post_id' value='23416' \/><input type=\"hidden\" id=\"_fluentform_4_fluentformnonce\" name=\"_fluentform_4_fluentformnonce\" value=\"039b42eafe\" \/><input type=\"hidden\" name=\"_wp_http_referer\" value=\"\/en\/wp-json\/wp\/v2\/posts\/23416\" \/><div data-type=\"name-element\" data-name=\"names\" class=\" ff-field_container ff-name-field-wrapper\" ><div class='ff-t-container'><div class='ff-t-cell '><div class='ff-el-group  ff-el-form-hide_label'><div class=\"ff-el-input--label ff-el-is-required asterisk-right\"><label for='ff_4_names_first_name_' id='label_ff_4_names_first_name_' >Vorname<\/label><\/div><div class='ff-el-input--content'><input type=\"text\" name=\"names[first_name]\" id=\"ff_4_names_first_name_\" class=\"ff-el-form-control\" placeholder=\"Vorname\" tabindex=\"1\" aria-invalid=\"false\" aria-required=true><\/div><\/div><\/div><div class='ff-t-cell '><div class='ff-el-group  ff-el-form-hide_label'><div class=\"ff-el-input--label ff-el-is-required asterisk-right\"><label for='ff_4_names_last_name_' id='label_ff_4_names_last_name_' >Nachname<\/label><\/div><div class='ff-el-input--content'><input type=\"text\" name=\"names[last_name]\" id=\"ff_4_names_last_name_\" class=\"ff-el-form-control\" placeholder=\"Nachname\" tabindex=\"2\" aria-invalid=\"false\" aria-required=true><\/div><\/div><\/div><\/div><\/div><div class='ff-el-group ff-el-form-hide_label'><div class=\"ff-el-input--label ff-el-is-required asterisk-right\"><label for='ff_4_email' id='label_ff_4_email' aria-label=\"E-Mail\">E-Mail<\/label><\/div><div class='ff-el-input--content'><input type=\"email\" name=\"email\" id=\"ff_4_email\" class=\"ff-el-form-control\" placeholder=\"E-Mail Adresse\" data-name=\"email\" tabindex=\"3\"  aria-invalid=\"false\" aria-required=true><\/div><\/div><div class='ff-el-group ff-el-form-hide_label'><div class=\"ff-el-input--label ff-el-is-required asterisk-right\"><label for='ff_4_dropdown' id='label_ff_4_dropdown' aria-label=\"Thema:\">Thema:<\/label><\/div><div class='ff-el-input--content'><select name=\"dropdown\" id=\"ff_4_dropdown\" class=\"ff-el-form-control  ff_has_multi_select\" data-name=\"dropdown\" data-calc_value=\"0\" tabindex=\"4\"  aria-invalid=\"false\" aria-required=\"true\" aria-labelledby=\"label_ff_4_dropdown\"><option value=\"\">&#8211; Treffe eine Auswahl zum Thema &#8211;<\/option><option value=\"Sonstige\"  >Sonstige<\/option><option value=\"Politische Veranstaltung\"  >Politische Veranstaltung<\/option><option value=\"Pressekonferenz \/ Medienauftritt\"  >Pressekonferenz \/ Medienauftritt<\/option><option value=\"Firmenevent \/ Jubil\u00e4um \/ Tagung\"  >Firmenevent \/ Jubil\u00e4um \/ Tagung<\/option><option value=\"Messe \/ Ausstellung\"  >Messe \/ Ausstellung<\/option><\/select><\/div><\/div><div data-name=\"ff_cn_id_1\"  class='ff-t-container ff-column-container ff_columns_total_3 '><div class='ff-t-cell ff-t-column-1' style='flex-basis: 33.33%;'><div class='ff-el-group'><div class=\"ff-el-input--label ff-el-is-required asterisk-right\"><label for='ff_4_datetime' id='label_ff_4_datetime' aria-label=\"Datum\/Uhrzeit\">Datum\/Uhrzeit<\/label><\/div><div class='ff-el-input--content'><input  aria-label='Datum\/Uhrzeit Use arrow keys to navigate dates. Press enter to select a date.'  aria-haspopup='dialog' data-type-datepicker data-format='d\/m\/Y' type=\"text\" name=\"datetime\" id=\"ff_4_datetime\" class=\"ff-el-form-control ff-el-datepicker\" data-name=\"datetime\" tabindex=\"5\"  aria-invalid='false' aria-required=true><\/div><\/div><\/div><div class='ff-t-cell ff-t-column-2' style='flex-basis: 33.33%;'><div class='ff-el-group'><div class=\"ff-el-input--label asterisk-right\"><label for='ff_4_datetime_1' id='label_ff_4_datetime_1' aria-label=\"Beginn Veranstaltung:\">Beginn Veranstaltung:<\/label><\/div><div class='ff-el-input--content'><input  aria-label='Beginn Veranstaltung: Use arrow keys to navigate dates. Press enter to select a date.'  aria-haspopup='dialog' data-type-datepicker data-format='H:i' type=\"text\" name=\"datetime_1\" value=\"10:00\" id=\"ff_4_datetime_1\" class=\"ff-el-form-control ff-el-datepicker\" placeholder=\"z.B.: 12:00Uhr\" data-name=\"datetime_1\" tabindex=\"6\"  aria-invalid='false' aria-required=false><\/div><\/div><\/div><div class='ff-t-cell ff-t-column-3' style='flex-basis: 33.33%;'><div class='ff-el-group'><div class=\"ff-el-input--label asterisk-right\"><label for='ff_4_datetime_2' id='label_ff_4_datetime_2' aria-label=\"Ende Veranstaltung:\">Ende Veranstaltung:<\/label><\/div><div class='ff-el-input--content'><input  aria-label='Ende Veranstaltung: Use arrow keys to navigate dates. Press enter to select a date.'  aria-haspopup='dialog' data-type-datepicker data-format='H:i' type=\"text\" name=\"datetime_2\" value=\"21:00\" id=\"ff_4_datetime_2\" class=\"ff-el-form-control ff-el-datepicker\" placeholder=\"z.B.: 16:00Uhr\" data-name=\"datetime_2\" tabindex=\"7\"  aria-invalid='false' aria-required=false><\/div><\/div><\/div><\/div><div class='ff-el-group ff-el-form-hide_label'><div class=\"ff-el-input--label asterisk-right\"><label for='ff_4_message' id='label_ff_4_message' aria-label=\"Nachricht\">Nachricht<\/label><\/div><div class='ff-el-input--content'><textarea aria-required=\"false\" aria-labelledby=\"label_ff_4_message\" name=\"message\" id=\"ff_4_message\" class=\"ff-el-form-control\" placeholder=\"Nachricht\" rows=\"6\" cols=\"2\" data-name=\"message\" tabindex=\"8\" ><\/textarea><\/div><\/div><div class='ff-el-group    ff-el-input--content'><div class='ff-el-form-check ff-el-tc'><label aria-label='Ich bin damit einverstanden, dass diese Website meine eingereichten Informationen speichert, damit sie auf meine Anfrage antworten k\u00f6nnen.' class='ff-el-form-check-label ff_tc_label' for=gdpr-agreement_ccb4ae2d7f28b26ab80cf88e43448def><span class='ff_tc_checkbox'><input type=\"checkbox\" name=\"gdpr-agreement\" class=\"ff-el-form-check-input ff_gdpr_field\" data-name=\"gdpr-agreement\" id=\"gdpr-agreement_ccb4ae2d7f28b26ab80cf88e43448def\" tabindex=\"9\"  value='on' aria-invalid='false' aria-required=true><\/span> <div class='ff_t_c'>Ich bin damit einverstanden, dass diese Website meine eingereichten Informationen speichert, damit sie auf meine Anfrage antworten k\u00f6nnen.<\/div><\/label><\/div><\/div><div class='ff-el-group ff-text-right ff_submit_btn_wrapper ff_submit_btn_wrapper_custom'><button class=\"ff-btn ff-btn-submit ff-btn-lg wp-element-button ff_btn_no_style\" type=\"submit\" name=\"custom_submit_button-4_1\" data-name=\"custom_submit_button-4_1\" tabindex=\"10\"  aria-label=\"Absenden\">Absenden<\/button><\/div><\/fieldset><\/form><div id='fluentform_4_errors' class='ff-errors-in-stack ff_form_instance_4_1 ff-form-loading_errors ff_form_instance_4_1_errors'><\/div><\/div>            <script type=\"text\/javascript\">\n                window.fluent_form_ff_form_instance_4_1 = {\"id\":\"4\",\"ajaxUrl\":\"https:\\\/\\\/www.schepers-photography.de\\\/wp-admin\\\/admin-ajax.php\",\"settings\":{\"layout\":{\"labelPlacement\":\"top\",\"helpMessagePlacement\":\"with_label\",\"errorMessagePlacement\":\"inline\",\"cssClassName\":\"\",\"asteriskPlacement\":\"asterisk-right\"},\"restrictions\":{\"denyEmptySubmission\":{\"enabled\":false}}},\"form_instance\":\"ff_form_instance_4_1\",\"form_id_selector\":\"fluentform_4\",\"rules\":{\"names[first_name]\":{\"required\":{\"value\":true,\"message\":\"Dieses Feld ist erforderlich!\",\"global\":false,\"global_message\":\"Dieses Feld ist erforderlich!\"}},\"names[middle_name]\":{\"required\":{\"value\":false,\"message\":\"This field is required\",\"global\":false,\"global_message\":\"Dieses Feld ist erforderlich!\"}},\"names[last_name]\":{\"required\":{\"value\":true,\"message\":\"Dieses Feld ist erforderlich!\",\"global\":false,\"global_message\":\"Dieses Feld ist erforderlich!\"}},\"email\":{\"required\":{\"value\":true,\"message\":\"Dieses Feld ist erforderlich!\",\"global\":false,\"global_message\":\"Dieses Feld ist erforderlich!\"},\"email\":{\"value\":true,\"message\":\"Dieses Feld muss eine g\\u00fcltige E-Mail Adresse beinhalten!\",\"global\":false,\"global_message\":\"Dieses Feld muss eine g\\u00fcltige E-Mail-Adresse enthalten!\"}},\"dropdown\":{\"required\":{\"value\":true,\"message\":\"Dieses Feld ist erforderlich\",\"global\":false,\"global_message\":\"Dieses Feld ist erforderlich!\"}},\"datetime\":{\"required\":{\"value\":true,\"message\":\"Dieses Feld ist erforderlich!\",\"global_message\":\"Dieses Feld ist erforderlich!\",\"global\":true}},\"datetime_1\":{\"required\":{\"value\":false,\"message\":\"Dieses Feld ist erforderlich!\",\"global_message\":\"Dieses Feld ist erforderlich!\",\"global\":true}},\"datetime_2\":{\"required\":{\"value\":false,\"message\":\"Dieses Feld ist erforderlich!\",\"global_message\":\"Dieses Feld ist erforderlich!\",\"global\":true}},\"message\":{\"required\":{\"value\":false,\"message\":\"Dieses Feld ist erforderlich!\",\"global\":false,\"global_message\":\"Dieses Feld ist erforderlich!\"}},\"gdpr-agreement\":{\"required\":{\"value\":true,\"message\":\"Dieses Feld ist erforderlich!\",\"global\":true,\"global_message\":\"Dieses Feld ist erforderlich!\"}}},\"debounce_time\":300};\n                            <\/script>\n            <\/div>\n<\/div>\n<\/div>\n\n\n\n<div class=\"wp-block-group has-primary-background-color has-background has-global-padding is-layout-constrained wp-block-group-is-layout-constrained\" style=\"padding-top:var(--wp--preset--spacing--80);padding-bottom:var(--wp--preset--spacing--80)\">\n<h2 class=\"wp-block-heading alignwide has-text-align-center has-primary-accent-color has-text-color has-link-color has-extra-extra-large-font-size wp-elements-ad62e229c562f154706ce20cb8de72e5\" style=\"margin-bottom:var(--wp--preset--spacing--50);font-style:normal;font-weight:500\">Einblick in den Gartenmarkt | Maikammer 2023<\/h2>\n\n\n\n<div class=\"wp-block-werbesofa-core-masonry alignfull has-lightbox\" style=\"gap:0.5rem;columns:12rem\"><div class=\"masonry-item\" style=\"padding-top:0.5rem\"><a href=\"https:\/\/www.schepers-photography.de\/wp-content\/uploads\/2023\/08\/gartenmarkt_maikammer_2023_0002_klein.jpg\" title=\"Einmal Zitronenlimonade bitte ;) | Maikammer feiert Pf\u00e4lzer Gartenmarkt 2023\" data-lcl-txt=\"Unter blauen Himmel und bei hohen Temperaturen schlendern Menschen mit pr\u00e4chtigen Blumen und stattlichen T\u00f6pfen durchs Dorf. Der Gartenmarkt in Maikammer, 2023.\" class=\"flex overflow-hidden\" style=\"border-radius:0.5rem\"><img decoding=\"async\" src=\"https:\/\/www.schepers-photography.de\/wp-content\/uploads\/2023\/08\/gartenmarkt_maikammer_2023_0002_klein-360x540.jpg\" alt=\"Einmal Zitronenlimonade bitte ;) | Maikammer feiert Pf\u00e4lzer Gartenmarkt 2023 | Werbe und Reportagefotograf Schepers\"\/><\/a><\/div><div class=\"masonry-item\" style=\"padding-top:0.5rem\"><a href=\"https:\/\/www.schepers-photography.de\/wp-content\/uploads\/2023\/08\/gartenmarkt_maikammer_2023_0001_klein.jpg\" title=\"Einmal Zitronenlimonade bitte ;) | Maikammer feiert Pf\u00e4lzer Gartenmarkt 2023\" data-lcl-txt=\"Unter blauen Himmel und bei hohen Temperaturen schlendern Menschen mit pr\u00e4chtigen Blumen und stattlichen T\u00f6pfen durchs Dorf. Der Gartenmarkt in Maikammer, 2023.\" class=\"flex overflow-hidden\" style=\"border-radius:0.5rem\"><img decoding=\"async\" src=\"https:\/\/www.schepers-photography.de\/wp-content\/uploads\/2023\/08\/gartenmarkt_maikammer_2023_0001_klein-360x240.jpg\" alt=\"Einmal Zitronenlimonade bitte ;) | Maikammer feiert Pf\u00e4lzer Gartenmarkt 2023 | Werbe und Reportagefotograf Schepers\"\/><\/a><\/div><div class=\"masonry-item\" style=\"padding-top:0.5rem\"><a href=\"https:\/\/www.schepers-photography.de\/wp-content\/uploads\/2023\/08\/gartenmarkt_maikammer_2023_0004_klein.jpg\" title=\"Einmal Zitronenlimonade bitte ;) | Maikammer feiert Pf\u00e4lzer Gartenmarkt 2023\" data-lcl-txt=\"Unter blauen Himmel und bei hohen Temperaturen schlendern Menschen mit pr\u00e4chtigen Blumen und stattlichen T\u00f6pfen durchs Dorf. Der Gartenmarkt in Maikammer, 2023.\" class=\"flex overflow-hidden\" style=\"border-radius:0.5rem\"><img decoding=\"async\" src=\"https:\/\/www.schepers-photography.de\/wp-content\/uploads\/2023\/08\/gartenmarkt_maikammer_2023_0004_klein-360x240.jpg\" alt=\"Einmal Zitronenlimonade bitte ;) | Maikammer feiert Pf\u00e4lzer Gartenmarkt 2023 | Werbe und Reportagefotograf Schepers\"\/><\/a><\/div><div class=\"masonry-item\" style=\"padding-top:0.5rem\"><a href=\"https:\/\/www.schepers-photography.de\/wp-content\/uploads\/2023\/08\/gartenmarkt_maikammer_2023_0006_klein.jpg\" title=\"Einmal Zitronenlimonade bitte ;) | Maikammer feiert Pf\u00e4lzer Gartenmarkt 2023\" data-lcl-txt=\"Unter blauen Himmel und bei hohen Temperaturen schlendern Menschen mit pr\u00e4chtigen Blumen und stattlichen T\u00f6pfen durchs Dorf. Der Gartenmarkt in Maikammer, 2023.\" class=\"flex overflow-hidden\" style=\"border-radius:0.5rem\"><img decoding=\"async\" src=\"https:\/\/www.schepers-photography.de\/wp-content\/uploads\/2023\/08\/gartenmarkt_maikammer_2023_0006_klein-360x240.jpg\" alt=\"Einmal Zitronenlimonade bitte ;) | Maikammer feiert Pf\u00e4lzer Gartenmarkt 2023 | Werbe und Reportagefotograf Schepers\"\/><\/a><\/div><div class=\"masonry-item\" style=\"padding-top:0.5rem\"><a href=\"https:\/\/www.schepers-photography.de\/wp-content\/uploads\/2023\/08\/gartenmarkt_maikammer_2023_0007_klein.jpg\" title=\"Einmal Zitronenlimonade bitte ;) | Maikammer feiert Pf\u00e4lzer Gartenmarkt 2023\" data-lcl-txt=\"Unter blauen Himmel und bei hohen Temperaturen schlendern Menschen mit pr\u00e4chtigen Blumen und stattlichen T\u00f6pfen durchs Dorf. Der Gartenmarkt in Maikammer, 2023.\" class=\"flex overflow-hidden\" style=\"border-radius:0.5rem\"><img decoding=\"async\" src=\"https:\/\/www.schepers-photography.de\/wp-content\/uploads\/2023\/08\/gartenmarkt_maikammer_2023_0007_klein-360x240.jpg\" alt=\"Einmal Zitronenlimonade bitte ;) | Maikammer feiert Pf\u00e4lzer Gartenmarkt 2023 | Werbe und Reportagefotograf Schepers\"\/><\/a><\/div><div class=\"masonry-item\" style=\"padding-top:0.5rem\"><a href=\"https:\/\/www.schepers-photography.de\/wp-content\/uploads\/2023\/08\/gartenmarkt_maikammer_2023_0008_klein.jpg\" title=\"Einmal Zitronenlimonade bitte ;) | Maikammer feiert Pf\u00e4lzer Gartenmarkt 2023\" data-lcl-txt=\"Unter blauen Himmel und bei hohen Temperaturen schlendern Menschen mit pr\u00e4chtigen Blumen und stattlichen T\u00f6pfen durchs Dorf. Der Gartenmarkt in Maikammer, 2023.\" class=\"flex overflow-hidden\" style=\"border-radius:0.5rem\"><img decoding=\"async\" src=\"https:\/\/www.schepers-photography.de\/wp-content\/uploads\/2023\/08\/gartenmarkt_maikammer_2023_0008_klein-360x240.jpg\" alt=\"Einmal Zitronenlimonade bitte ;) | Maikammer feiert Pf\u00e4lzer Gartenmarkt 2023 | Werbe und Reportagefotograf Schepers\"\/><\/a><\/div><div class=\"masonry-item\" style=\"padding-top:0.5rem\"><a href=\"https:\/\/www.schepers-photography.de\/wp-content\/uploads\/2023\/08\/gartenmarkt_maikammer_2023_0010_klein.jpg\" title=\"Einmal Zitronenlimonade bitte ;) | Maikammer feiert Pf\u00e4lzer Gartenmarkt 2023\" data-lcl-txt=\"Unter blauen Himmel und bei hohen Temperaturen schlendern Menschen mit pr\u00e4chtigen Blumen und stattlichen T\u00f6pfen durchs Dorf. Der Gartenmarkt in Maikammer, 2023.\" class=\"flex overflow-hidden\" style=\"border-radius:0.5rem\"><img decoding=\"async\" src=\"https:\/\/www.schepers-photography.de\/wp-content\/uploads\/2023\/08\/gartenmarkt_maikammer_2023_0010_klein-360x240.jpg\" alt=\"Einmal Zitronenlimonade bitte ;) | Maikammer feiert Pf\u00e4lzer Gartenmarkt 2023 | Werbe und Reportagefotograf Schepers\"\/><\/a><\/div><div class=\"masonry-item\" style=\"padding-top:0.5rem\"><a href=\"https:\/\/www.schepers-photography.de\/wp-content\/uploads\/2023\/08\/gartenmarkt_maikammer_2023_0012_klein.jpg\" title=\"Einmal Zitronenlimonade bitte ;) | Maikammer feiert Pf\u00e4lzer Gartenmarkt 2023\" data-lcl-txt=\"Unter blauen Himmel und bei hohen Temperaturen schlendern Menschen mit pr\u00e4chtigen Blumen und stattlichen T\u00f6pfen durchs Dorf. Der Gartenmarkt in Maikammer, 2023.\" class=\"flex overflow-hidden\" style=\"border-radius:0.5rem\"><img decoding=\"async\" src=\"https:\/\/www.schepers-photography.de\/wp-content\/uploads\/2023\/08\/gartenmarkt_maikammer_2023_0012_klein-360x240.jpg\" alt=\"Einmal Zitronenlimonade bitte ;) | Maikammer feiert Pf\u00e4lzer Gartenmarkt 2023 | Werbe und Reportagefotograf Schepers\"\/><\/a><\/div><div class=\"masonry-item\" style=\"padding-top:0.5rem\"><a href=\"https:\/\/www.schepers-photography.de\/wp-content\/uploads\/2023\/08\/gartenmarkt_maikammer_2023_0017_klein.jpg\" title=\"Einmal Zitronenlimonade bitte ;) | Maikammer feiert Pf\u00e4lzer Gartenmarkt 2023\" data-lcl-txt=\"Unter blauen Himmel und bei hohen Temperaturen schlendern Menschen mit pr\u00e4chtigen Blumen und stattlichen T\u00f6pfen durchs Dorf. Der Gartenmarkt in Maikammer, 2023.\" class=\"flex overflow-hidden\" style=\"border-radius:0.5rem\"><img decoding=\"async\" src=\"https:\/\/www.schepers-photography.de\/wp-content\/uploads\/2023\/08\/gartenmarkt_maikammer_2023_0017_klein-360x240.jpg\" alt=\"Einmal Zitronenlimonade bitte ;) | Maikammer feiert Pf\u00e4lzer Gartenmarkt 2023 | Werbe und Reportagefotograf Schepers\"\/><\/a><\/div><div class=\"masonry-item\" style=\"padding-top:0.5rem\"><a href=\"https:\/\/www.schepers-photography.de\/wp-content\/uploads\/2023\/08\/gartenmarkt_maikammer_2023_0022_klein.jpg\" title=\"Einmal Zitronenlimonade bitte ;) | Maikammer feiert Pf\u00e4lzer Gartenmarkt 2023\" data-lcl-txt=\"Unter blauen Himmel und bei hohen Temperaturen schlendern Menschen mit pr\u00e4chtigen Blumen und stattlichen T\u00f6pfen durchs Dorf. Der Gartenmarkt in Maikammer, 2023.\" class=\"flex overflow-hidden\" style=\"border-radius:0.5rem\"><img decoding=\"async\" src=\"https:\/\/www.schepers-photography.de\/wp-content\/uploads\/2023\/08\/gartenmarkt_maikammer_2023_0022_klein-360x540.jpg\" alt=\"Einmal Zitronenlimonade bitte ;) | Maikammer feiert Pf\u00e4lzer Gartenmarkt 2023 | Werbe und Reportagefotograf Schepers\"\/><\/a><\/div><div class=\"masonry-item\" style=\"padding-top:0.5rem\"><a href=\"https:\/\/www.schepers-photography.de\/wp-content\/uploads\/2023\/08\/gartenmarkt_maikammer_2023_0025_klein.jpg\" title=\"Einmal Zitronenlimonade bitte ;) | Maikammer feiert Pf\u00e4lzer Gartenmarkt 2023\" data-lcl-txt=\"Unter blauen Himmel und bei hohen Temperaturen schlendern Menschen mit pr\u00e4chtigen Blumen und stattlichen T\u00f6pfen durchs Dorf. Der Gartenmarkt in Maikammer, 2023.\" class=\"flex overflow-hidden\" style=\"border-radius:0.5rem\"><img decoding=\"async\" src=\"https:\/\/www.schepers-photography.de\/wp-content\/uploads\/2023\/08\/gartenmarkt_maikammer_2023_0025_klein-360x240.jpg\" alt=\"Einmal Zitronenlimonade bitte ;) | Maikammer feiert Pf\u00e4lzer Gartenmarkt 2023 | Werbe und Reportagefotograf Schepers\"\/><\/a><\/div><div class=\"masonry-item\" style=\"padding-top:0.5rem\"><a href=\"https:\/\/www.schepers-photography.de\/wp-content\/uploads\/2023\/08\/gartenmarkt_maikammer_2023_0031_klein.jpg\" title=\"Einmal Zitronenlimonade bitte ;) | Maikammer feiert Pf\u00e4lzer Gartenmarkt 2023\" data-lcl-txt=\"Unter blauen Himmel und bei hohen Temperaturen schlendern Menschen mit pr\u00e4chtigen Blumen und stattlichen T\u00f6pfen durchs Dorf. Der Gartenmarkt in Maikammer, 2023.\" class=\"flex overflow-hidden\" style=\"border-radius:0.5rem\"><img decoding=\"async\" src=\"https:\/\/www.schepers-photography.de\/wp-content\/uploads\/2023\/08\/gartenmarkt_maikammer_2023_0031_klein-360x540.jpg\" alt=\"Einmal Zitronenlimonade bitte ;) | Maikammer feiert Pf\u00e4lzer Gartenmarkt 2023 | Werbe und Reportagefotograf Schepers\"\/><\/a><\/div><div class=\"masonry-item\" style=\"padding-top:0.5rem\"><a href=\"https:\/\/www.schepers-photography.de\/wp-content\/uploads\/2023\/08\/gartenmarkt_maikammer_2023_0034_klein.jpg\" title=\"Einmal Zitronenlimonade bitte ;) | Maikammer feiert Pf\u00e4lzer Gartenmarkt 2023\" data-lcl-txt=\"Unter blauen Himmel und bei hohen Temperaturen schlendern Menschen mit pr\u00e4chtigen Blumen und stattlichen T\u00f6pfen durchs Dorf. Der Gartenmarkt in Maikammer, 2023.\" class=\"flex overflow-hidden\" style=\"border-radius:0.5rem\"><img decoding=\"async\" src=\"https:\/\/www.schepers-photography.de\/wp-content\/uploads\/2023\/08\/gartenmarkt_maikammer_2023_0034_klein-360x240.jpg\" alt=\"Einmal Zitronenlimonade bitte ;) | Maikammer feiert Pf\u00e4lzer Gartenmarkt 2023 | Werbe und Reportagefotograf Schepers\"\/><\/a><\/div><div class=\"masonry-item\" style=\"padding-top:0.5rem\"><a href=\"https:\/\/www.schepers-photography.de\/wp-content\/uploads\/2023\/08\/gartenmarkt_maikammer_2023_0110_klein.jpg\" title=\"Einmal Zitronenlimonade bitte ;) | Maikammer feiert Pf\u00e4lzer Gartenmarkt 2023\" data-lcl-txt=\"Unter blauen Himmel und bei hohen Temperaturen schlendern Menschen mit pr\u00e4chtigen Blumen und stattlichen T\u00f6pfen durchs Dorf. Der Gartenmarkt in Maikammer, 2023.\" class=\"flex overflow-hidden\" style=\"border-radius:0.5rem\"><img decoding=\"async\" src=\"https:\/\/www.schepers-photography.de\/wp-content\/uploads\/2023\/08\/gartenmarkt_maikammer_2023_0110_klein-360x540.jpg\" alt=\"Einmal Zitronenlimonade bitte ;) | Maikammer feiert Pf\u00e4lzer Gartenmarkt 2023 | Werbe und Reportagefotograf Schepers\"\/><\/a><\/div><div class=\"masonry-item\" style=\"padding-top:0.5rem\"><a href=\"https:\/\/www.schepers-photography.de\/wp-content\/uploads\/2023\/08\/gartenmarkt_maikammer_2023_0054_klein.jpg\" title=\"Einmal Zitronenlimonade bitte ;) | Maikammer feiert Pf\u00e4lzer Gartenmarkt 2023\" data-lcl-txt=\"Unter blauen Himmel und bei hohen Temperaturen schlendern Menschen mit pr\u00e4chtigen Blumen und stattlichen T\u00f6pfen durchs Dorf. Der Gartenmarkt in Maikammer, 2023.\" class=\"flex overflow-hidden\" style=\"border-radius:0.5rem\"><img decoding=\"async\" src=\"https:\/\/www.schepers-photography.de\/wp-content\/uploads\/2023\/08\/gartenmarkt_maikammer_2023_0054_klein-360x240.jpg\" alt=\"Einmal Zitronenlimonade bitte ;) | Maikammer feiert Pf\u00e4lzer Gartenmarkt 2023 | Werbe und Reportagefotograf Schepers\"\/><\/a><\/div><div class=\"masonry-item\" style=\"padding-top:0.5rem\"><a href=\"https:\/\/www.schepers-photography.de\/wp-content\/uploads\/2023\/08\/gartenmarkt_maikammer_2023_0020_klein.jpg\" title=\"Einmal Zitronenlimonade bitte ;) | Maikammer feiert Pf\u00e4lzer Gartenmarkt 2023\" data-lcl-txt=\"Unter blauen Himmel und bei hohen Temperaturen schlendern Menschen mit pr\u00e4chtigen Blumen und stattlichen T\u00f6pfen durchs Dorf. Der Gartenmarkt in Maikammer, 2023.\" class=\"flex overflow-hidden\" style=\"border-radius:0.5rem\"><img decoding=\"async\" src=\"https:\/\/www.schepers-photography.de\/wp-content\/uploads\/2023\/08\/gartenmarkt_maikammer_2023_0020_klein-360x240.jpg\" alt=\"Einmal Zitronenlimonade bitte ;) | Maikammer feiert Pf\u00e4lzer Gartenmarkt 2023 | Werbe und Reportagefotograf Schepers\"\/><\/a><\/div><div class=\"masonry-item\" style=\"padding-top:0.5rem\"><a href=\"https:\/\/www.schepers-photography.de\/wp-content\/uploads\/2023\/08\/gartenmarkt_maikammer_2023_0040_klein.jpg\" title=\"Einmal Zitronenlimonade bitte ;) | Maikammer feiert Pf\u00e4lzer Gartenmarkt 2023\" data-lcl-txt=\"Unter blauen Himmel und bei hohen Temperaturen schlendern Menschen mit pr\u00e4chtigen Blumen und stattlichen T\u00f6pfen durchs Dorf. Der Gartenmarkt in Maikammer, 2023.\" class=\"flex overflow-hidden\" style=\"border-radius:0.5rem\"><img decoding=\"async\" src=\"https:\/\/www.schepers-photography.de\/wp-content\/uploads\/2023\/08\/gartenmarkt_maikammer_2023_0040_klein-360x540.jpg\" alt=\"Einmal Zitronenlimonade bitte ;) | Maikammer feiert Pf\u00e4lzer Gartenmarkt 2023 | Werbe und Reportagefotograf Schepers\"\/><\/a><\/div><div class=\"masonry-item\" style=\"padding-top:0.5rem\"><a href=\"https:\/\/www.schepers-photography.de\/wp-content\/uploads\/2023\/08\/gartenmarkt_maikammer_2023_0120_klein.jpg\" title=\"Einmal Zitronenlimonade bitte ;) | Maikammer feiert Pf\u00e4lzer Gartenmarkt 2023\" data-lcl-txt=\"Unter blauen Himmel und bei hohen Temperaturen schlendern Menschen mit pr\u00e4chtigen Blumen und stattlichen T\u00f6pfen durchs Dorf. Der Gartenmarkt in Maikammer, 2023.\" class=\"flex overflow-hidden\" style=\"border-radius:0.5rem\"><img decoding=\"async\" src=\"https:\/\/www.schepers-photography.de\/wp-content\/uploads\/2023\/08\/gartenmarkt_maikammer_2023_0120_klein-360x240.jpg\" alt=\"Einmal Zitronenlimonade bitte ;) | Maikammer feiert Pf\u00e4lzer Gartenmarkt 2023 | Werbe und Reportagefotograf Schepers\"\/><\/a><\/div><div class=\"masonry-item\" style=\"padding-top:0.5rem\"><a href=\"https:\/\/www.schepers-photography.de\/wp-content\/uploads\/2023\/08\/gartenmarkt_maikammer_2023_0123_klein.jpg\" title=\"Einmal Zitronenlimonade bitte ;) | Maikammer feiert Pf\u00e4lzer Gartenmarkt 2023\" data-lcl-txt=\"Unter blauen Himmel und bei hohen Temperaturen schlendern Menschen mit pr\u00e4chtigen Blumen und stattlichen T\u00f6pfen durchs Dorf. Der Gartenmarkt in Maikammer, 2023.\" class=\"flex overflow-hidden\" style=\"border-radius:0.5rem\"><img decoding=\"async\" src=\"https:\/\/www.schepers-photography.de\/wp-content\/uploads\/2023\/08\/gartenmarkt_maikammer_2023_0123_klein-360x540.jpg\" alt=\"Einmal Zitronenlimonade bitte ;) | Maikammer feiert Pf\u00e4lzer Gartenmarkt 2023 | Werbe und Reportagefotograf Schepers\"\/><\/a><\/div><div class=\"masonry-item\" style=\"padding-top:0.5rem\"><a href=\"https:\/\/www.schepers-photography.de\/wp-content\/uploads\/2023\/08\/gartenmarkt_maikammer_2023_0161_klein.jpg\" title=\"Einmal Zitronenlimonade bitte ;) | Maikammer feiert Pf\u00e4lzer Gartenmarkt 2023\" data-lcl-txt=\"Unter blauen Himmel und bei hohen Temperaturen schlendern Menschen mit pr\u00e4chtigen Blumen und stattlichen T\u00f6pfen durchs Dorf. Der Gartenmarkt in Maikammer, 2023.\" class=\"flex overflow-hidden\" style=\"border-radius:0.5rem\"><img decoding=\"async\" src=\"https:\/\/www.schepers-photography.de\/wp-content\/uploads\/2023\/08\/gartenmarkt_maikammer_2023_0161_klein-360x240.jpg\" alt=\"Einmal Zitronenlimonade bitte ;) | Maikammer feiert Pf\u00e4lzer Gartenmarkt 2023 | Werbe und Reportagefotograf Schepers\"\/><\/a><\/div><div class=\"masonry-item\" style=\"padding-top:0.5rem\"><a href=\"https:\/\/www.schepers-photography.de\/wp-content\/uploads\/2023\/08\/gartenmarkt_maikammer_2023_0077_klein.jpg\" title=\"Einmal Zitronenlimonade bitte ;) | Maikammer feiert Pf\u00e4lzer Gartenmarkt 2023\" data-lcl-txt=\"Unter blauen Himmel und bei hohen Temperaturen schlendern Menschen mit pr\u00e4chtigen Blumen und stattlichen T\u00f6pfen durchs Dorf. Der Gartenmarkt in Maikammer, 2023.\" class=\"flex overflow-hidden\" style=\"border-radius:0.5rem\"><img decoding=\"async\" src=\"https:\/\/www.schepers-photography.de\/wp-content\/uploads\/2023\/08\/gartenmarkt_maikammer_2023_0077_klein-360x240.jpg\" alt=\"Einmal Zitronenlimonade bitte ;) | Maikammer feiert Pf\u00e4lzer Gartenmarkt 2023 | Werbe und Reportagefotograf Schepers\"\/><\/a><\/div><div class=\"masonry-item\" style=\"padding-top:0.5rem\"><a href=\"https:\/\/www.schepers-photography.de\/wp-content\/uploads\/2023\/08\/gartenmarkt_maikammer_2023_0087_klein.jpg\" title=\"Einmal Zitronenlimonade bitte ;) | Maikammer feiert Pf\u00e4lzer Gartenmarkt 2023\" data-lcl-txt=\"Unter blauen Himmel und bei hohen Temperaturen schlendern Menschen mit pr\u00e4chtigen Blumen und stattlichen T\u00f6pfen durchs Dorf. Der Gartenmarkt in Maikammer, 2023.\" class=\"flex overflow-hidden\" style=\"border-radius:0.5rem\"><img decoding=\"async\" src=\"https:\/\/www.schepers-photography.de\/wp-content\/uploads\/2023\/08\/gartenmarkt_maikammer_2023_0087_klein-360x240.jpg\" alt=\"Einmal Zitronenlimonade bitte ;) | Maikammer feiert Pf\u00e4lzer Gartenmarkt 2023 | Werbe und Reportagefotograf Schepers\"\/><\/a><\/div><div class=\"masonry-item\" style=\"padding-top:0.5rem\"><a href=\"https:\/\/www.schepers-photography.de\/wp-content\/uploads\/2023\/08\/gartenmarkt_maikammer_2023_0045_klein.jpg\" title=\"Einmal Zitronenlimonade bitte ;) | Maikammer feiert Pf\u00e4lzer Gartenmarkt 2023\" data-lcl-txt=\"Unter blauen Himmel und bei hohen Temperaturen schlendern Menschen mit pr\u00e4chtigen Blumen und stattlichen T\u00f6pfen durchs Dorf. Der Gartenmarkt in Maikammer, 2023.\" class=\"flex overflow-hidden\" style=\"border-radius:0.5rem\"><img decoding=\"async\" src=\"https:\/\/www.schepers-photography.de\/wp-content\/uploads\/2023\/08\/gartenmarkt_maikammer_2023_0045_klein-360x540.jpg\" alt=\"Einmal Zitronenlimonade bitte ;) | Maikammer feiert Pf\u00e4lzer Gartenmarkt 2023 | Werbe und Reportagefotograf Schepers\"\/><\/a><\/div><div class=\"masonry-item\" style=\"padding-top:0.5rem\"><a href=\"https:\/\/www.schepers-photography.de\/wp-content\/uploads\/2023\/08\/gartenmarkt_maikammer_2023_0222_klein.jpg\" title=\"Einmal Zitronenlimonade bitte ;) | Maikammer feiert Pf\u00e4lzer Gartenmarkt 2023\" data-lcl-txt=\"Unter blauen Himmel und bei hohen Temperaturen schlendern Menschen mit pr\u00e4chtigen Blumen und stattlichen T\u00f6pfen durchs Dorf. Der Gartenmarkt in Maikammer, 2023.\" class=\"flex overflow-hidden\" style=\"border-radius:0.5rem\"><img decoding=\"async\" src=\"https:\/\/www.schepers-photography.de\/wp-content\/uploads\/2023\/08\/gartenmarkt_maikammer_2023_0222_klein-360x240.jpg\" alt=\"Einmal Zitronenlimonade bitte ;) | Maikammer feiert Pf\u00e4lzer Gartenmarkt 2023 | Werbe und Reportagefotograf Schepers\"\/><\/a><\/div><div class=\"masonry-item\" style=\"padding-top:0.5rem\"><a href=\"https:\/\/www.schepers-photography.de\/wp-content\/uploads\/2023\/08\/gartenmarkt_maikammer_2023_0173_klein.jpg\" title=\"Einmal Zitronenlimonade bitte ;) | Maikammer feiert Pf\u00e4lzer Gartenmarkt 2023\" data-lcl-txt=\"Unter blauen Himmel und bei hohen Temperaturen schlendern Menschen mit pr\u00e4chtigen Blumen und stattlichen T\u00f6pfen durchs Dorf. Der Gartenmarkt in Maikammer, 2023.\" class=\"flex overflow-hidden\" style=\"border-radius:0.5rem\"><img decoding=\"async\" src=\"https:\/\/www.schepers-photography.de\/wp-content\/uploads\/2023\/08\/gartenmarkt_maikammer_2023_0173_klein-360x240.jpg\" alt=\"Einmal Zitronenlimonade bitte ;) | Maikammer feiert Pf\u00e4lzer Gartenmarkt 2023 | Werbe und Reportagefotograf Schepers\"\/><\/a><\/div><div class=\"masonry-item\" style=\"padding-top:0.5rem\"><a href=\"https:\/\/www.schepers-photography.de\/wp-content\/uploads\/2023\/08\/gartenmarkt_maikammer_2023_0171_klein.jpg\" title=\"Einmal Zitronenlimonade bitte ;) | Maikammer feiert Pf\u00e4lzer Gartenmarkt 2023\" data-lcl-txt=\"Unter blauen Himmel und bei hohen Temperaturen schlendern Menschen mit pr\u00e4chtigen Blumen und stattlichen T\u00f6pfen durchs Dorf. Der Gartenmarkt in Maikammer, 2023.\" class=\"flex overflow-hidden\" style=\"border-radius:0.5rem\"><img decoding=\"async\" src=\"https:\/\/www.schepers-photography.de\/wp-content\/uploads\/2023\/08\/gartenmarkt_maikammer_2023_0171_klein-360x540.jpg\" alt=\"Einmal Zitronenlimonade bitte ;) | Maikammer feiert Pf\u00e4lzer Gartenmarkt 2023 | Werbe und Reportagefotograf Schepers\"\/><\/a><\/div><div class=\"masonry-item\" style=\"padding-top:0.5rem\"><a href=\"https:\/\/www.schepers-photography.de\/wp-content\/uploads\/2023\/08\/gartenmarkt_maikammer_2023_0167_klein.jpg\" title=\"Einmal Zitronenlimonade bitte ;) | Maikammer feiert Pf\u00e4lzer Gartenmarkt 2023\" data-lcl-txt=\"Unter blauen Himmel und bei hohen Temperaturen schlendern Menschen mit pr\u00e4chtigen Blumen und stattlichen T\u00f6pfen durchs Dorf. Der Gartenmarkt in Maikammer, 2023.\" class=\"flex overflow-hidden\" style=\"border-radius:0.5rem\"><img decoding=\"async\" src=\"https:\/\/www.schepers-photography.de\/wp-content\/uploads\/2023\/08\/gartenmarkt_maikammer_2023_0167_klein-360x240.jpg\" alt=\"Einmal Zitronenlimonade bitte ;) | Maikammer feiert Pf\u00e4lzer Gartenmarkt 2023 | Werbe und Reportagefotograf Schepers\"\/><\/a><\/div><div class=\"masonry-item\" style=\"padding-top:0.5rem\"><a href=\"https:\/\/www.schepers-photography.de\/wp-content\/uploads\/2023\/08\/gartenmarkt_maikammer_2023_0232_klein.jpg\" title=\"Einmal Zitronenlimonade bitte ;) | Maikammer feiert Pf\u00e4lzer Gartenmarkt 2023\" data-lcl-txt=\"Unter blauen Himmel und bei hohen Temperaturen schlendern Menschen mit pr\u00e4chtigen Blumen und stattlichen T\u00f6pfen durchs Dorf. Der Gartenmarkt in Maikammer, 2023.\" class=\"flex overflow-hidden\" style=\"border-radius:0.5rem\"><img decoding=\"async\" src=\"https:\/\/www.schepers-photography.de\/wp-content\/uploads\/2023\/08\/gartenmarkt_maikammer_2023_0232_klein-360x540.jpg\" alt=\"Einmal Zitronenlimonade bitte ;) | Maikammer feiert Pf\u00e4lzer Gartenmarkt 2023 | Werbe und Reportagefotograf Schepers\"\/><\/a><\/div><div class=\"masonry-item\" style=\"padding-top:0.5rem\"><a href=\"https:\/\/www.schepers-photography.de\/wp-content\/uploads\/2023\/08\/gartenmarkt_maikammer_2023_0235_klein.jpg\" title=\"Einmal Zitronenlimonade bitte ;) | Maikammer feiert Pf\u00e4lzer Gartenmarkt 2023\" data-lcl-txt=\"Unter blauen Himmel und bei hohen Temperaturen schlendern Menschen mit pr\u00e4chtigen Blumen und stattlichen T\u00f6pfen durchs Dorf. Der Gartenmarkt in Maikammer, 2023.\" class=\"flex overflow-hidden\" style=\"border-radius:0.5rem\"><img decoding=\"async\" src=\"https:\/\/www.schepers-photography.de\/wp-content\/uploads\/2023\/08\/gartenmarkt_maikammer_2023_0235_klein-360x240.jpg\" alt=\"Einmal Zitronenlimonade bitte ;) | Maikammer feiert Pf\u00e4lzer Gartenmarkt 2023 | Werbe und Reportagefotograf Schepers\"\/><\/a><\/div><div class=\"masonry-item\" style=\"padding-top:0.5rem\"><a href=\"https:\/\/www.schepers-photography.de\/wp-content\/uploads\/2023\/08\/gartenmarkt_maikammer_2023_0231_klein.jpg\" title=\"Einmal Zitronenlimonade bitte ;) | Maikammer feiert Pf\u00e4lzer Gartenmarkt 2023\" data-lcl-txt=\"Unter blauen Himmel und bei hohen Temperaturen schlendern Menschen mit pr\u00e4chtigen Blumen und stattlichen T\u00f6pfen durchs Dorf. Der Gartenmarkt in Maikammer, 2023.\" class=\"flex overflow-hidden\" style=\"border-radius:0.5rem\"><img decoding=\"async\" src=\"https:\/\/www.schepers-photography.de\/wp-content\/uploads\/2023\/08\/gartenmarkt_maikammer_2023_0231_klein-360x240.jpg\" alt=\"Einmal Zitronenlimonade bitte ;) | Maikammer feiert Pf\u00e4lzer Gartenmarkt 2023 | Werbe und Reportagefotograf Schepers\"\/><\/a><\/div><div class=\"masonry-item\" style=\"padding-top:0.5rem\"><a href=\"https:\/\/www.schepers-photography.de\/wp-content\/uploads\/2023\/08\/gartenmarkt_maikammer_2023_0048_klein.jpg\" title=\"Einmal Zitronenlimonade bitte ;) | Maikammer feiert Pf\u00e4lzer Gartenmarkt 2023\" data-lcl-txt=\"Unter blauen Himmel und bei hohen Temperaturen schlendern Menschen mit pr\u00e4chtigen Blumen und stattlichen T\u00f6pfen durchs Dorf. Der Gartenmarkt in Maikammer, 2023.\" class=\"flex overflow-hidden\" style=\"border-radius:0.5rem\"><img decoding=\"async\" src=\"https:\/\/www.schepers-photography.de\/wp-content\/uploads\/2023\/08\/gartenmarkt_maikammer_2023_0048_klein-360x240.jpg\" alt=\"Einmal Zitronenlimonade bitte ;) | Maikammer feiert Pf\u00e4lzer Gartenmarkt 2023 | Werbe und Reportagefotograf Schepers\"\/><\/a><\/div><div class=\"masonry-item\" style=\"padding-top:0.5rem\"><a href=\"https:\/\/www.schepers-photography.de\/wp-content\/uploads\/2023\/08\/gartenmarkt_maikammer_2023_0050_klein.jpg\" title=\"Einmal Zitronenlimonade bitte ;) | Maikammer feiert Pf\u00e4lzer Gartenmarkt 2023\" data-lcl-txt=\"Unter blauen Himmel und bei hohen Temperaturen schlendern Menschen mit pr\u00e4chtigen Blumen und stattlichen T\u00f6pfen durchs Dorf. Der Gartenmarkt in Maikammer, 2023.\" class=\"flex overflow-hidden\" style=\"border-radius:0.5rem\"><img decoding=\"async\" src=\"https:\/\/www.schepers-photography.de\/wp-content\/uploads\/2023\/08\/gartenmarkt_maikammer_2023_0050_klein-360x240.jpg\" alt=\"Einmal Zitronenlimonade bitte ;) | Maikammer feiert Pf\u00e4lzer Gartenmarkt 2023 | Werbe und Reportagefotograf Schepers\"\/><\/a><\/div><div class=\"masonry-item\" style=\"padding-top:0.5rem\"><a href=\"https:\/\/www.schepers-photography.de\/wp-content\/uploads\/2023\/08\/gartenmarkt_maikammer_2023_0061_klein.jpg\" title=\"Einmal Zitronenlimonade bitte ;) | Maikammer feiert Pf\u00e4lzer Gartenmarkt 2023\" data-lcl-txt=\"Unter blauen Himmel und bei hohen Temperaturen schlendern Menschen mit pr\u00e4chtigen Blumen und stattlichen T\u00f6pfen durchs Dorf. Der Gartenmarkt in Maikammer, 2023.\" class=\"flex overflow-hidden\" style=\"border-radius:0.5rem\"><img decoding=\"async\" src=\"https:\/\/www.schepers-photography.de\/wp-content\/uploads\/2023\/08\/gartenmarkt_maikammer_2023_0061_klein-360x540.jpg\" alt=\"Einmal Zitronenlimonade bitte ;) | Maikammer feiert Pf\u00e4lzer Gartenmarkt 2023 | Werbe und Reportagefotograf Schepers\"\/><\/a><\/div><div class=\"masonry-item\" style=\"padding-top:0.5rem\"><a href=\"https:\/\/www.schepers-photography.de\/wp-content\/uploads\/2023\/08\/gartenmarkt_maikammer_2023_0068_klein.jpg\" title=\"Einmal Zitronenlimonade bitte ;) | Maikammer feiert Pf\u00e4lzer Gartenmarkt 2023\" data-lcl-txt=\"Unter blauen Himmel und bei hohen Temperaturen schlendern Menschen mit pr\u00e4chtigen Blumen und stattlichen T\u00f6pfen durchs Dorf. Der Gartenmarkt in Maikammer, 2023.\" class=\"flex overflow-hidden\" style=\"border-radius:0.5rem\"><img decoding=\"async\" src=\"https:\/\/www.schepers-photography.de\/wp-content\/uploads\/2023\/08\/gartenmarkt_maikammer_2023_0068_klein-360x240.jpg\" alt=\"Einmal Zitronenlimonade bitte ;) | Maikammer feiert Pf\u00e4lzer Gartenmarkt 2023 | Werbe und Reportagefotograf Schepers\"\/><\/a><\/div><div class=\"masonry-item\" style=\"padding-top:0.5rem\"><a href=\"https:\/\/www.schepers-photography.de\/wp-content\/uploads\/2023\/08\/gartenmarkt_maikammer_2023_0071_klein.jpg\" title=\"Einmal Zitronenlimonade bitte ;) | Maikammer feiert Pf\u00e4lzer Gartenmarkt 2023\" data-lcl-txt=\"Unter blauen Himmel und bei hohen Temperaturen schlendern Menschen mit pr\u00e4chtigen Blumen und stattlichen T\u00f6pfen durchs Dorf. Der Gartenmarkt in Maikammer, 2023.\" class=\"flex overflow-hidden\" style=\"border-radius:0.5rem\"><img decoding=\"async\" src=\"https:\/\/www.schepers-photography.de\/wp-content\/uploads\/2023\/08\/gartenmarkt_maikammer_2023_0071_klein-360x240.jpg\" alt=\"Einmal Zitronenlimonade bitte ;) | Maikammer feiert Pf\u00e4lzer Gartenmarkt 2023 | Werbe und Reportagefotograf Schepers\"\/><\/a><\/div><div class=\"masonry-item\" style=\"padding-top:0.5rem\"><a href=\"https:\/\/www.schepers-photography.de\/wp-content\/uploads\/2023\/08\/gartenmarkt_maikammer_2023_0090_klein.jpg\" title=\"Einmal Zitronenlimonade bitte ;) | Maikammer feiert Pf\u00e4lzer Gartenmarkt 2023\" data-lcl-txt=\"Unter blauen Himmel und bei hohen Temperaturen schlendern Menschen mit pr\u00e4chtigen Blumen und stattlichen T\u00f6pfen durchs Dorf. Der Gartenmarkt in Maikammer, 2023.\" class=\"flex overflow-hidden\" style=\"border-radius:0.5rem\"><img decoding=\"async\" src=\"https:\/\/www.schepers-photography.de\/wp-content\/uploads\/2023\/08\/gartenmarkt_maikammer_2023_0090_klein-360x240.jpg\" alt=\"Einmal Zitronenlimonade bitte ;) | Maikammer feiert Pf\u00e4lzer Gartenmarkt 2023 | Werbe und Reportagefotograf Schepers\"\/><\/a><\/div><div class=\"masonry-item\" style=\"padding-top:0.5rem\"><a href=\"https:\/\/www.schepers-photography.de\/wp-content\/uploads\/2023\/08\/gartenmarkt_maikammer_2023_0094_klein.jpg\" title=\"Einmal Zitronenlimonade bitte ;) | Maikammer feiert Pf\u00e4lzer Gartenmarkt 2023\" data-lcl-txt=\"Unter blauen Himmel und bei hohen Temperaturen schlendern Menschen mit pr\u00e4chtigen Blumen und stattlichen T\u00f6pfen durchs Dorf. Der Gartenmarkt in Maikammer, 2023.\" class=\"flex overflow-hidden\" style=\"border-radius:0.5rem\"><img decoding=\"async\" src=\"https:\/\/www.schepers-photography.de\/wp-content\/uploads\/2023\/08\/gartenmarkt_maikammer_2023_0094_klein-360x540.jpg\" alt=\"Einmal Zitronenlimonade bitte ;) | Maikammer feiert Pf\u00e4lzer Gartenmarkt 2023 | Werbe und Reportagefotograf Schepers\"\/><\/a><\/div><div class=\"masonry-item\" style=\"padding-top:0.5rem\"><a href=\"https:\/\/www.schepers-photography.de\/wp-content\/uploads\/2023\/08\/gartenmarkt_maikammer_2023_0096_klein.jpg\" title=\"Einmal Zitronenlimonade bitte ;) | Maikammer feiert Pf\u00e4lzer Gartenmarkt 2023\" data-lcl-txt=\"Unter blauen Himmel und bei hohen Temperaturen schlendern Menschen mit pr\u00e4chtigen Blumen und stattlichen T\u00f6pfen durchs Dorf. Der Gartenmarkt in Maikammer, 2023.\" class=\"flex overflow-hidden\" style=\"border-radius:0.5rem\"><img decoding=\"async\" src=\"https:\/\/www.schepers-photography.de\/wp-content\/uploads\/2023\/08\/gartenmarkt_maikammer_2023_0096_klein-360x540.jpg\" alt=\"Einmal Zitronenlimonade bitte ;) | Maikammer feiert Pf\u00e4lzer Gartenmarkt 2023 | Werbe und Reportagefotograf Schepers\"\/><\/a><\/div><div class=\"masonry-item\" style=\"padding-top:0.5rem\"><a href=\"https:\/\/www.schepers-photography.de\/wp-content\/uploads\/2023\/08\/gartenmarkt_maikammer_2023_0099_klein.jpg\" title=\"Einmal Zitronenlimonade bitte ;) | Maikammer feiert Pf\u00e4lzer Gartenmarkt 2023\" data-lcl-txt=\"Unter blauen Himmel und bei hohen Temperaturen schlendern Menschen mit pr\u00e4chtigen Blumen und stattlichen T\u00f6pfen durchs Dorf. Der Gartenmarkt in Maikammer, 2023.\" class=\"flex overflow-hidden\" style=\"border-radius:0.5rem\"><img decoding=\"async\" src=\"https:\/\/www.schepers-photography.de\/wp-content\/uploads\/2023\/08\/gartenmarkt_maikammer_2023_0099_klein-360x540.jpg\" alt=\"Einmal Zitronenlimonade bitte ;) | Maikammer feiert Pf\u00e4lzer Gartenmarkt 2023 | Werbe und Reportagefotograf Schepers\"\/><\/a><\/div><div class=\"masonry-item\" style=\"padding-top:0.5rem\"><a href=\"https:\/\/www.schepers-photography.de\/wp-content\/uploads\/2023\/08\/gartenmarkt_maikammer_2023_0100_klein.jpg\" title=\"Einmal Zitronenlimonade bitte ;) | Maikammer feiert Pf\u00e4lzer Gartenmarkt 2023\" data-lcl-txt=\"Unter blauen Himmel und bei hohen Temperaturen schlendern Menschen mit pr\u00e4chtigen Blumen und stattlichen T\u00f6pfen durchs Dorf. Der Gartenmarkt in Maikammer, 2023.\" class=\"flex overflow-hidden\" style=\"border-radius:0.5rem\"><img decoding=\"async\" src=\"https:\/\/www.schepers-photography.de\/wp-content\/uploads\/2023\/08\/gartenmarkt_maikammer_2023_0100_klein-360x240.jpg\" alt=\"Einmal Zitronenlimonade bitte ;) | Maikammer feiert Pf\u00e4lzer Gartenmarkt 2023 | Werbe und Reportagefotograf Schepers\"\/><\/a><\/div><div class=\"masonry-item\" style=\"padding-top:0.5rem\"><a href=\"https:\/\/www.schepers-photography.de\/wp-content\/uploads\/2023\/08\/gartenmarkt_maikammer_2023_0102_klein.jpg\" title=\"Einmal Zitronenlimonade bitte ;) | Maikammer feiert Pf\u00e4lzer Gartenmarkt 2023\" data-lcl-txt=\"Unter blauen Himmel und bei hohen Temperaturen schlendern Menschen mit pr\u00e4chtigen Blumen und stattlichen T\u00f6pfen durchs Dorf. Der Gartenmarkt in Maikammer, 2023.\" class=\"flex overflow-hidden\" style=\"border-radius:0.5rem\"><img decoding=\"async\" src=\"https:\/\/www.schepers-photography.de\/wp-content\/uploads\/2023\/08\/gartenmarkt_maikammer_2023_0102_klein-360x240.jpg\" alt=\"Einmal Zitronenlimonade bitte ;) | Maikammer feiert Pf\u00e4lzer Gartenmarkt 2023 | Werbe und Reportagefotograf Schepers\"\/><\/a><\/div><div class=\"masonry-item\" style=\"padding-top:0.5rem\"><a href=\"https:\/\/www.schepers-photography.de\/wp-content\/uploads\/2023\/08\/gartenmarkt_maikammer_2023_0105_klein.jpg\" title=\"Einmal Zitronenlimonade bitte ;) | Maikammer feiert Pf\u00e4lzer Gartenmarkt 2023\" data-lcl-txt=\"Unter blauen Himmel und bei hohen Temperaturen schlendern Menschen mit pr\u00e4chtigen Blumen und stattlichen T\u00f6pfen durchs Dorf. Der Gartenmarkt in Maikammer, 2023.\" class=\"flex overflow-hidden\" style=\"border-radius:0.5rem\"><img decoding=\"async\" src=\"https:\/\/www.schepers-photography.de\/wp-content\/uploads\/2023\/08\/gartenmarkt_maikammer_2023_0105_klein-360x540.jpg\" alt=\"Einmal Zitronenlimonade bitte ;) | Maikammer feiert Pf\u00e4lzer Gartenmarkt 2023 | Werbe und Reportagefotograf Schepers\"\/><\/a><\/div><div class=\"masonry-item\" style=\"padding-top:0.5rem\"><a href=\"https:\/\/www.schepers-photography.de\/wp-content\/uploads\/2023\/08\/gartenmarkt_maikammer_2023_0114_klein.jpg\" title=\"Einmal Zitronenlimonade bitte ;) | Maikammer feiert Pf\u00e4lzer Gartenmarkt 2023\" data-lcl-txt=\"Unter blauen Himmel und bei hohen Temperaturen schlendern Menschen mit pr\u00e4chtigen Blumen und stattlichen T\u00f6pfen durchs Dorf. Der Gartenmarkt in Maikammer, 2023.\" class=\"flex overflow-hidden\" style=\"border-radius:0.5rem\"><img decoding=\"async\" src=\"https:\/\/www.schepers-photography.de\/wp-content\/uploads\/2023\/08\/gartenmarkt_maikammer_2023_0114_klein-360x240.jpg\" alt=\"Einmal Zitronenlimonade bitte ;) | Maikammer feiert Pf\u00e4lzer Gartenmarkt 2023 | Werbe und Reportagefotograf Schepers\"\/><\/a><\/div><div class=\"masonry-item\" style=\"padding-top:0.5rem\"><a href=\"https:\/\/www.schepers-photography.de\/wp-content\/uploads\/2023\/08\/gartenmarkt_maikammer_2023_0116_klein.jpg\" title=\"Einmal Zitronenlimonade bitte ;) | Maikammer feiert Pf\u00e4lzer Gartenmarkt 2023\" data-lcl-txt=\"Unter blauen Himmel und bei hohen Temperaturen schlendern Menschen mit pr\u00e4chtigen Blumen und stattlichen T\u00f6pfen durchs Dorf. Der Gartenmarkt in Maikammer, 2023.\" class=\"flex overflow-hidden\" style=\"border-radius:0.5rem\"><img decoding=\"async\" src=\"https:\/\/www.schepers-photography.de\/wp-content\/uploads\/2023\/08\/gartenmarkt_maikammer_2023_0116_klein-360x240.jpg\" alt=\"Einmal Zitronenlimonade bitte ;) | Maikammer feiert Pf\u00e4lzer Gartenmarkt 2023 | Werbe und Reportagefotograf Schepers\"\/><\/a><\/div><div class=\"masonry-item\" style=\"padding-top:0.5rem\"><a href=\"https:\/\/www.schepers-photography.de\/wp-content\/uploads\/2023\/08\/gartenmarkt_maikammer_2023_0118_klein.jpg\" title=\"Einmal Zitronenlimonade bitte ;) | Maikammer feiert Pf\u00e4lzer Gartenmarkt 2023\" data-lcl-txt=\"Unter blauen Himmel und bei hohen Temperaturen schlendern Menschen mit pr\u00e4chtigen Blumen und stattlichen T\u00f6pfen durchs Dorf. Der Gartenmarkt in Maikammer, 2023.\" class=\"flex overflow-hidden\" style=\"border-radius:0.5rem\"><img decoding=\"async\" src=\"https:\/\/www.schepers-photography.de\/wp-content\/uploads\/2023\/08\/gartenmarkt_maikammer_2023_0118_klein-360x240.jpg\" alt=\"Einmal Zitronenlimonade bitte ;) | Maikammer feiert Pf\u00e4lzer Gartenmarkt 2023 | Werbe und Reportagefotograf Schepers\"\/><\/a><\/div><div class=\"masonry-item\" style=\"padding-top:0.5rem\"><a href=\"https:\/\/www.schepers-photography.de\/wp-content\/uploads\/2023\/08\/gartenmarkt_maikammer_2023_0129_klein.jpg\" title=\"Einmal Zitronenlimonade bitte ;) | Maikammer feiert Pf\u00e4lzer Gartenmarkt 2023\" data-lcl-txt=\"Unter blauen Himmel und bei hohen Temperaturen schlendern Menschen mit pr\u00e4chtigen Blumen und stattlichen T\u00f6pfen durchs Dorf. Der Gartenmarkt in Maikammer, 2023.\" class=\"flex overflow-hidden\" style=\"border-radius:0.5rem\"><img decoding=\"async\" src=\"https:\/\/www.schepers-photography.de\/wp-content\/uploads\/2023\/08\/gartenmarkt_maikammer_2023_0129_klein-360x240.jpg\" alt=\"Einmal Zitronenlimonade bitte ;) | Maikammer feiert Pf\u00e4lzer Gartenmarkt 2023 | Werbe und Reportagefotograf Schepers\"\/><\/a><\/div><div class=\"masonry-item\" style=\"padding-top:0.5rem\"><a href=\"https:\/\/www.schepers-photography.de\/wp-content\/uploads\/2023\/08\/gartenmarkt_maikammer_2023_0137_klein.jpg\" title=\"Einmal Zitronenlimonade bitte ;) | Maikammer feiert Pf\u00e4lzer Gartenmarkt 2023\" data-lcl-txt=\"Unter blauen Himmel und bei hohen Temperaturen schlendern Menschen mit pr\u00e4chtigen Blumen und stattlichen T\u00f6pfen durchs Dorf. Der Gartenmarkt in Maikammer, 2023.\" class=\"flex overflow-hidden\" style=\"border-radius:0.5rem\"><img decoding=\"async\" src=\"https:\/\/www.schepers-photography.de\/wp-content\/uploads\/2023\/08\/gartenmarkt_maikammer_2023_0137_klein-360x540.jpg\" alt=\"Einmal Zitronenlimonade bitte ;) | Maikammer feiert Pf\u00e4lzer Gartenmarkt 2023 | Werbe und Reportagefotograf Schepers\"\/><\/a><\/div><div class=\"masonry-item\" style=\"padding-top:0.5rem\"><a href=\"https:\/\/www.schepers-photography.de\/wp-content\/uploads\/2023\/08\/gartenmarkt_maikammer_2023_0139_klein.jpg\" title=\"Einmal Zitronenlimonade bitte ;) | Maikammer feiert Pf\u00e4lzer Gartenmarkt 2023\" data-lcl-txt=\"Unter blauen Himmel und bei hohen Temperaturen schlendern Menschen mit pr\u00e4chtigen Blumen und stattlichen T\u00f6pfen durchs Dorf. Der Gartenmarkt in Maikammer, 2023.\" class=\"flex overflow-hidden\" style=\"border-radius:0.5rem\"><img decoding=\"async\" src=\"https:\/\/www.schepers-photography.de\/wp-content\/uploads\/2023\/08\/gartenmarkt_maikammer_2023_0139_klein-360x540.jpg\" alt=\"Einmal Zitronenlimonade bitte ;) | Maikammer feiert Pf\u00e4lzer Gartenmarkt 2023 | Werbe und Reportagefotograf Schepers\"\/><\/a><\/div><div class=\"masonry-item\" style=\"padding-top:0.5rem\"><a href=\"https:\/\/www.schepers-photography.de\/wp-content\/uploads\/2023\/08\/gartenmarkt_maikammer_2023_0141_klein.jpg\" title=\"Einmal Zitronenlimonade bitte ;) | Maikammer feiert Pf\u00e4lzer Gartenmarkt 2023\" data-lcl-txt=\"Unter blauen Himmel und bei hohen Temperaturen schlendern Menschen mit pr\u00e4chtigen Blumen und stattlichen T\u00f6pfen durchs Dorf. Der Gartenmarkt in Maikammer, 2023.\" class=\"flex overflow-hidden\" style=\"border-radius:0.5rem\"><img decoding=\"async\" src=\"https:\/\/www.schepers-photography.de\/wp-content\/uploads\/2023\/08\/gartenmarkt_maikammer_2023_0141_klein-360x540.jpg\" alt=\"Einmal Zitronenlimonade bitte ;) | Maikammer feiert Pf\u00e4lzer Gartenmarkt 2023 | Werbe und Reportagefotograf Schepers\"\/><\/a><\/div><div class=\"masonry-item\" style=\"padding-top:0.5rem\"><a href=\"https:\/\/www.schepers-photography.de\/wp-content\/uploads\/2023\/08\/gartenmarkt_maikammer_2023_0144_klein.jpg\" title=\"Einmal Zitronenlimonade bitte ;) | Maikammer feiert Pf\u00e4lzer Gartenmarkt 2023\" data-lcl-txt=\"Unter blauen Himmel und bei hohen Temperaturen schlendern Menschen mit pr\u00e4chtigen Blumen und stattlichen T\u00f6pfen durchs Dorf. Der Gartenmarkt in Maikammer, 2023.\" class=\"flex overflow-hidden\" style=\"border-radius:0.5rem\"><img decoding=\"async\" src=\"https:\/\/www.schepers-photography.de\/wp-content\/uploads\/2023\/08\/gartenmarkt_maikammer_2023_0144_klein-360x240.jpg\" alt=\"Einmal Zitronenlimonade bitte ;) | Maikammer feiert Pf\u00e4lzer Gartenmarkt 2023 | Werbe und Reportagefotograf Schepers\"\/><\/a><\/div><div class=\"masonry-item\" style=\"padding-top:0.5rem\"><a href=\"https:\/\/www.schepers-photography.de\/wp-content\/uploads\/2023\/08\/gartenmarkt_maikammer_2023_0147_klein.jpg\" title=\"Einmal Zitronenlimonade bitte ;) | Maikammer feiert Pf\u00e4lzer Gartenmarkt 2023\" data-lcl-txt=\"Unter blauen Himmel und bei hohen Temperaturen schlendern Menschen mit pr\u00e4chtigen Blumen und stattlichen T\u00f6pfen durchs Dorf. Der Gartenmarkt in Maikammer, 2023.\" class=\"flex overflow-hidden\" style=\"border-radius:0.5rem\"><img decoding=\"async\" src=\"https:\/\/www.schepers-photography.de\/wp-content\/uploads\/2023\/08\/gartenmarkt_maikammer_2023_0147_klein-360x540.jpg\" alt=\"Einmal Zitronenlimonade bitte ;) | Maikammer feiert Pf\u00e4lzer Gartenmarkt 2023 | Werbe und Reportagefotograf Schepers\"\/><\/a><\/div><div class=\"masonry-item\" style=\"padding-top:0.5rem\"><a href=\"https:\/\/www.schepers-photography.de\/wp-content\/uploads\/2023\/08\/gartenmarkt_maikammer_2023_0148_klein.jpg\" title=\"Einmal Zitronenlimonade bitte ;) | Maikammer feiert Pf\u00e4lzer Gartenmarkt 2023\" data-lcl-txt=\"Unter blauen Himmel und bei hohen Temperaturen schlendern Menschen mit pr\u00e4chtigen Blumen und stattlichen T\u00f6pfen durchs Dorf. Der Gartenmarkt in Maikammer, 2023.\" class=\"flex overflow-hidden\" style=\"border-radius:0.5rem\"><img decoding=\"async\" src=\"https:\/\/www.schepers-photography.de\/wp-content\/uploads\/2023\/08\/gartenmarkt_maikammer_2023_0148_klein-360x240.jpg\" alt=\"Einmal Zitronenlimonade bitte ;) | Maikammer feiert Pf\u00e4lzer Gartenmarkt 2023 | Werbe und Reportagefotograf Schepers\"\/><\/a><\/div><div class=\"masonry-item\" style=\"padding-top:0.5rem\"><a href=\"https:\/\/www.schepers-photography.de\/wp-content\/uploads\/2023\/08\/gartenmarkt_maikammer_2023_0156_klein.jpg\" title=\"Einmal Zitronenlimonade bitte ;) | Maikammer feiert Pf\u00e4lzer Gartenmarkt 2023\" data-lcl-txt=\"Unter blauen Himmel und bei hohen Temperaturen schlendern Menschen mit pr\u00e4chtigen Blumen und stattlichen T\u00f6pfen durchs Dorf. Der Gartenmarkt in Maikammer, 2023.\" class=\"flex overflow-hidden\" style=\"border-radius:0.5rem\"><img decoding=\"async\" src=\"https:\/\/www.schepers-photography.de\/wp-content\/uploads\/2023\/08\/gartenmarkt_maikammer_2023_0156_klein-360x240.jpg\" alt=\"Einmal Zitronenlimonade bitte ;) | Maikammer feiert Pf\u00e4lzer Gartenmarkt 2023 | Werbe und Reportagefotograf Schepers\"\/><\/a><\/div><div class=\"masonry-item\" style=\"padding-top:0.5rem\"><a href=\"https:\/\/www.schepers-photography.de\/wp-content\/uploads\/2023\/08\/gartenmarkt_maikammer_2023_0165_klein.jpg\" title=\"Einmal Zitronenlimonade bitte ;) | Maikammer feiert Pf\u00e4lzer Gartenmarkt 2023\" data-lcl-txt=\"Unter blauen Himmel und bei hohen Temperaturen schlendern Menschen mit pr\u00e4chtigen Blumen und stattlichen T\u00f6pfen durchs Dorf. Der Gartenmarkt in Maikammer, 2023.\" class=\"flex overflow-hidden\" style=\"border-radius:0.5rem\"><img decoding=\"async\" src=\"https:\/\/www.schepers-photography.de\/wp-content\/uploads\/2023\/08\/gartenmarkt_maikammer_2023_0165_klein-360x240.jpg\" alt=\"Einmal Zitronenlimonade bitte ;) | Maikammer feiert Pf\u00e4lzer Gartenmarkt 2023 | Werbe und Reportagefotograf Schepers\"\/><\/a><\/div><div class=\"masonry-item\" style=\"padding-top:0.5rem\"><a href=\"https:\/\/www.schepers-photography.de\/wp-content\/uploads\/2023\/08\/gartenmarkt_maikammer_2023_0191_klein.jpg\" title=\"Einmal Zitronenlimonade bitte ;) | Maikammer feiert Pf\u00e4lzer Gartenmarkt 2023\" data-lcl-txt=\"Unter blauen Himmel und bei hohen Temperaturen schlendern Menschen mit pr\u00e4chtigen Blumen und stattlichen T\u00f6pfen durchs Dorf. Der Gartenmarkt in Maikammer, 2023.\" class=\"flex overflow-hidden\" style=\"border-radius:0.5rem\"><img decoding=\"async\" src=\"https:\/\/www.schepers-photography.de\/wp-content\/uploads\/2023\/08\/gartenmarkt_maikammer_2023_0191_klein-360x240.jpg\" alt=\"Einmal Zitronenlimonade bitte ;) | Maikammer feiert Pf\u00e4lzer Gartenmarkt 2023 | Werbe und Reportagefotograf Schepers\"\/><\/a><\/div><div class=\"masonry-item\" style=\"padding-top:0.5rem\"><a href=\"https:\/\/www.schepers-photography.de\/wp-content\/uploads\/2023\/08\/gartenmarkt_maikammer_2023_0196_klein.jpg\" title=\"Einmal Zitronenlimonade bitte ;) | Maikammer feiert Pf\u00e4lzer Gartenmarkt 2023\" data-lcl-txt=\"Unter blauen Himmel und bei hohen Temperaturen schlendern Menschen mit pr\u00e4chtigen Blumen und stattlichen T\u00f6pfen durchs Dorf. Der Gartenmarkt in Maikammer, 2023.\" class=\"flex overflow-hidden\" style=\"border-radius:0.5rem\"><img decoding=\"async\" src=\"https:\/\/www.schepers-photography.de\/wp-content\/uploads\/2023\/08\/gartenmarkt_maikammer_2023_0196_klein-360x540.jpg\" alt=\"Einmal Zitronenlimonade bitte ;) | Maikammer feiert Pf\u00e4lzer Gartenmarkt 2023 | Werbe und Reportagefotograf Schepers\"\/><\/a><\/div><div class=\"masonry-item\" style=\"padding-top:0.5rem\"><a href=\"https:\/\/www.schepers-photography.de\/wp-content\/uploads\/2023\/08\/gartenmarkt_maikammer_2023_0210_klein.jpg\" title=\"Einmal Zitronenlimonade bitte ;) | Maikammer feiert Pf\u00e4lzer Gartenmarkt 2023\" data-lcl-txt=\"Unter blauen Himmel und bei hohen Temperaturen schlendern Menschen mit pr\u00e4chtigen Blumen und stattlichen T\u00f6pfen durchs Dorf. Der Gartenmarkt in Maikammer, 2023.\" class=\"flex overflow-hidden\" style=\"border-radius:0.5rem\"><img decoding=\"async\" src=\"https:\/\/www.schepers-photography.de\/wp-content\/uploads\/2023\/08\/gartenmarkt_maikammer_2023_0210_klein-360x240.jpg\" alt=\"Einmal Zitronenlimonade bitte ;) | Maikammer feiert Pf\u00e4lzer Gartenmarkt 2023 | Werbe und Reportagefotograf Schepers\"\/><\/a><\/div><div class=\"masonry-item\" style=\"padding-top:0.5rem\"><a href=\"https:\/\/www.schepers-photography.de\/wp-content\/uploads\/2023\/08\/gartenmarkt_maikammer_2023_0224_klein.jpg\" title=\"Einmal Zitronenlimonade bitte ;) | Maikammer feiert Pf\u00e4lzer Gartenmarkt 2023\" data-lcl-txt=\"Unter blauen Himmel und bei hohen Temperaturen schlendern Menschen mit pr\u00e4chtigen Blumen und stattlichen T\u00f6pfen durchs Dorf. Der Gartenmarkt in Maikammer, 2023.\" class=\"flex overflow-hidden\" style=\"border-radius:0.5rem\"><img decoding=\"async\" src=\"https:\/\/www.schepers-photography.de\/wp-content\/uploads\/2023\/08\/gartenmarkt_maikammer_2023_0224_klein-360x540.jpg\" alt=\"Einmal Zitronenlimonade bitte ;) | Maikammer feiert Pf\u00e4lzer Gartenmarkt 2023 | Werbe und Reportagefotograf Schepers\"\/><\/a><\/div><div class=\"masonry-item\" style=\"padding-top:0.5rem\"><a href=\"https:\/\/www.schepers-photography.de\/wp-content\/uploads\/2023\/08\/gartenmarkt_maikammer_2023_0225_klein.jpg\" title=\"Einmal Zitronenlimonade bitte ;) | Maikammer feiert Pf\u00e4lzer Gartenmarkt 2023\" data-lcl-txt=\"Unter blauen Himmel und bei hohen Temperaturen schlendern Menschen mit pr\u00e4chtigen Blumen und stattlichen T\u00f6pfen durchs Dorf. Der Gartenmarkt in Maikammer, 2023.\" class=\"flex overflow-hidden\" style=\"border-radius:0.5rem\"><img decoding=\"async\" src=\"https:\/\/www.schepers-photography.de\/wp-content\/uploads\/2023\/08\/gartenmarkt_maikammer_2023_0225_klein-360x540.jpg\" alt=\"Einmal Zitronenlimonade bitte ;) | Maikammer feiert Pf\u00e4lzer Gartenmarkt 2023 | Werbe und Reportagefotograf Schepers\"\/><\/a><\/div><div class=\"masonry-item\" style=\"padding-top:0.5rem\"><a href=\"https:\/\/www.schepers-photography.de\/wp-content\/uploads\/2023\/08\/gartenmarkt_maikammer_2023_0135_klein.jpg\" title=\"Einmal Zitronenlimonade bitte ;) | Maikammer feiert Pf\u00e4lzer Gartenmarkt 2023\" data-lcl-txt=\"Unter blauen Himmel und bei hohen Temperaturen schlendern Menschen mit pr\u00e4chtigen Blumen und stattlichen T\u00f6pfen durchs Dorf. Der Gartenmarkt in Maikammer, 2023.\" class=\"flex overflow-hidden\" style=\"border-radius:0.5rem\"><img decoding=\"async\" src=\"https:\/\/www.schepers-photography.de\/wp-content\/uploads\/2023\/08\/gartenmarkt_maikammer_2023_0135_klein-360x540.jpg\" alt=\"Einmal Zitronenlimonade bitte ;) | Maikammer feiert Pf\u00e4lzer Gartenmarkt 2023 | Werbe und Reportagefotograf Schepers\"\/><\/a><\/div><div class=\"masonry-item\" style=\"padding-top:0.5rem\"><a href=\"https:\/\/www.schepers-photography.de\/wp-content\/uploads\/2023\/08\/gartenmarkt_maikammer_2023_0246_klein.jpg\" title=\"Einmal Zitronenlimonade bitte ;) | Maikammer feiert Pf\u00e4lzer Gartenmarkt 2023\" data-lcl-txt=\"Unter blauen Himmel und bei hohen Temperaturen schlendern Menschen mit pr\u00e4chtigen Blumen und stattlichen T\u00f6pfen durchs Dorf. Der Gartenmarkt in Maikammer, 2023.\" class=\"flex overflow-hidden\" style=\"border-radius:0.5rem\"><img decoding=\"async\" src=\"https:\/\/www.schepers-photography.de\/wp-content\/uploads\/2023\/08\/gartenmarkt_maikammer_2023_0246_klein-360x240.jpg\" alt=\"Einmal Zitronenlimonade bitte ;) | Maikammer feiert Pf\u00e4lzer Gartenmarkt 2023 | Werbe und Reportagefotograf Schepers\"\/><\/a><\/div><div class=\"masonry-item\" style=\"padding-top:0.5rem\"><a href=\"https:\/\/www.schepers-photography.de\/wp-content\/uploads\/2023\/08\/gartenmarkt_maikammer_2023_0226_klein.jpg\" title=\"Einmal Zitronenlimonade bitte ;) | Maikammer feiert Pf\u00e4lzer Gartenmarkt 2023\" data-lcl-txt=\"Unter blauen Himmel und bei hohen Temperaturen schlendern Menschen mit pr\u00e4chtigen Blumen und stattlichen T\u00f6pfen durchs Dorf. Der Gartenmarkt in Maikammer, 2023.\" class=\"flex overflow-hidden\" style=\"border-radius:0.5rem\"><img decoding=\"async\" src=\"https:\/\/www.schepers-photography.de\/wp-content\/uploads\/2023\/08\/gartenmarkt_maikammer_2023_0226_klein-360x540.jpg\" alt=\"Einmal Zitronenlimonade bitte ;) | Maikammer feiert Pf\u00e4lzer Gartenmarkt 2023 | Werbe und Reportagefotograf Schepers\"\/><\/a><\/div><div class=\"masonry-item\" style=\"padding-top:0.5rem\"><a href=\"https:\/\/www.schepers-photography.de\/wp-content\/uploads\/2023\/08\/gartenmarkt_maikammer_2023_0241_klein.jpg\" title=\"Einmal Zitronenlimonade bitte ;) | Maikammer feiert Pf\u00e4lzer Gartenmarkt 2023\" data-lcl-txt=\"Unter blauen Himmel und bei hohen Temperaturen schlendern Menschen mit pr\u00e4chtigen Blumen und stattlichen T\u00f6pfen durchs Dorf. Der Gartenmarkt in Maikammer, 2023.\" class=\"flex overflow-hidden\" style=\"border-radius:0.5rem\"><img decoding=\"async\" src=\"https:\/\/www.schepers-photography.de\/wp-content\/uploads\/2023\/08\/gartenmarkt_maikammer_2023_0241_klein-360x240.jpg\" alt=\"Einmal Zitronenlimonade bitte ;) | Maikammer feiert Pf\u00e4lzer Gartenmarkt 2023 | Werbe und Reportagefotograf Schepers\"\/><\/a><\/div><div class=\"masonry-item\" style=\"padding-top:0.5rem\"><a href=\"https:\/\/www.schepers-photography.de\/wp-content\/uploads\/2023\/08\/gartenmarkt_maikammer_2023_0321_klein.jpg\" title=\"Einmal Zitronenlimonade bitte ;) | Maikammer feiert Pf\u00e4lzer Gartenmarkt 2023\" data-lcl-txt=\"Unter blauen Himmel und bei hohen Temperaturen schlendern Menschen mit pr\u00e4chtigen Blumen und stattlichen T\u00f6pfen durchs Dorf. Der Gartenmarkt in Maikammer, 2023.\" class=\"flex overflow-hidden\" style=\"border-radius:0.5rem\"><img decoding=\"async\" src=\"https:\/\/www.schepers-photography.de\/wp-content\/uploads\/2023\/08\/gartenmarkt_maikammer_2023_0321_klein-360x240.jpg\" alt=\"Einmal Zitronenlimonade bitte ;) | Maikammer feiert Pf\u00e4lzer Gartenmarkt 2023 | Werbe und Reportagefotograf Schepers\"\/><\/a><\/div><\/div>\n<\/div>\n\n\n\n<div class=\"wp-block-group has-primary-background-color has-background has-global-padding is-layout-constrained wp-block-group-is-layout-constrained\">\n<div class=\"wp-block-columns alignwide is-layout-flex wp-container-core-columns-is-layout-f3a7ff92 wp-block-columns-is-layout-flex\">\n<div class=\"wp-block-column is-layout-flow wp-container-core-column-is-layout-119bc444 wp-block-column-is-layout-flow\">\n<h2 class=\"wp-block-heading has-extra-large-font-size\" style=\"font-style:normal;font-weight:600\">Ein mediterranes Paradies in Maikammer: Historische Pflanzenwelt auf 1.200 qm entdecken!<\/h2>\n\n\n\n<p>Der&nbsp;<strong>Mediterrane Garten in Maikammer<\/strong>&nbsp;ist nicht nur ein Ort der Sch\u00f6nheit, sondern auch ein botanisches Paradies, das die Vielfalt mediterraner Pflanzen pr\u00e4sentiert. Dank der besonderen klimatischen Vorz\u00fcge der Region konnte im Mai&nbsp;1999&nbsp;auf einem Areal von&nbsp;1.200 m\u00b2eine beeindruckende Sammlung von&nbsp;150 Pflanzenarten&nbsp;aus verschiedenen Mittelmeerregionen angelegt werden.<\/p>\n\n\n\n<p>Neben den bekannten K\u00fcchenkr\u00e4utern und Gew\u00fcrzpflanzen wie Thymian, Rosmarin, Salbei, Lavendel und Kapernstrauch, k\u00f6nnen Besucher auch die majest\u00e4tischen Baumgew\u00e4chse des S\u00fcdens bewundern. Hierzu z\u00e4hlen die wundersch\u00f6ne Zypressen, Feige, Pistazie und der \u00d6lbaum. Doch der Garten h\u00e4lt auch \u00dcberraschungen bereit: Exoten wie der marokkanische Ginster, die Libanon Eiche und die portugiesische Lorbeerkirsche sind hier zu finden und f\u00fcgen sich harmonisch in das Gesamtbild ein.<\/p>\n<\/div>\n\n\n\n<div class=\"wp-block-column is-layout-flow wp-container-core-column-is-layout-119bc444 wp-block-column-is-layout-flow\">\n<p>Die Gartenanlage selbst ist sorgf\u00e4ltig in zwei Bereiche unterteilt: Einen Pflanzbereich, der verschiedene Standortbedingungen ber\u00fccksichtigt, und einen entspannenden Bouleplatz unter schattenspendenden Pinien. Als Besonderheit bietet der Garten auch gem\u00fctliche Sitzpl\u00e4tze, die zum Verweilen einladen. Die Gemeinde Maikammer ist stolzer Eigent\u00fcmer dieses botanischen Schatzes.<\/p>\n\n\n\n<p>F\u00fcr alle, die tiefer in die Geheimnisse der mediterranen Pflanzenwelt eintauchen m\u00f6chten, werden F\u00fchrungen durch den Pflanzenbestand angeboten. Diese k\u00f6nnen nach Voranmeldung beim B\u00fcro f\u00fcr Tourismus Maikammer gebucht werden. Ein besonderes Highlight: Der Garten ist jederzeit zug\u00e4nglich, sodass Natur- und Pflanzenliebhaber zu jeder Jahreszeit die Sch\u00f6nheit und Vielfalt des Mediterranen Gartens genie\u00dfen k\u00f6nnen.<\/p>\n\n\n\n<p><strong>Weitere Informationen und Buchungsm\u00f6glichkeiten finden Sie auch auf der offiziellen Webseite. Und dem nachfolgendem Link.<\/strong><\/p>\n<\/div>\n<\/div>\n<\/div>\n\n\n\n<div class=\"wp-block-group has-primary-accent-background-color has-background has-global-padding is-layout-constrained wp-block-group-is-layout-constrained\" style=\"padding-top:var(--wp--preset--spacing--70);padding-bottom:var(--wp--preset--spacing--70)\">\n<div class=\"wp-block-werbesofa-core-spacer top left\" style=\"color:#94c11f;height:6rem\"><svg xmlns=\"http:\/\/www.w3.org\/2000\/svg\" viewBox=\"0 0 1440 320\" preserveAspectRatio=\"none\"><path fill=\"currentColor\" fill-opacity=\"1\" d=\"M0,128L720,288L1440,64L1440,320L720,320L0,320Z\"><\/path><\/svg><\/div>\n\n\n\n<div class=\"wp-block-buttons is-content-justification-center is-layout-flex wp-container-core-buttons-is-layout-a89b3969 wp-block-buttons-is-layout-flex\">\n<div class=\"wp-block-button\"><a class=\"wp-block-button__link wp-element-button\" href=\"https:\/\/www.maikammer.de\/erlebnistouren_buchen.html?re-product-id=164008\" target=\"_blank\" rel=\" noreferrer noopener nofollow\">Weitere Infos &amp; Buchung<\/a><\/div>\n<\/div>\n\n\n\n<div class=\"wp-block-werbesofa-core-spacer bottom right\" style=\"color:#94c11f;height:6rem\"><svg xmlns=\"http:\/\/www.w3.org\/2000\/svg\" viewBox=\"0 0 1440 320\" preserveAspectRatio=\"none\"><path fill=\"currentColor\" fill-opacity=\"1\" d=\"M0,128L720,288L1440,64L1440,320L720,320L0,320Z\"><\/path><\/svg><\/div>\n<\/div>\n\n\n\n<div class=\"wp-block-group has-primary-accent-color has-primary-background-color has-text-color has-background has-link-color wp-elements-c7f14ae9df042ace322161ad2a9fac9f has-global-padding is-layout-constrained wp-container-core-group-is-layout-346627ba wp-block-group-is-layout-constrained\">\n<div class=\"wp-block-columns alignwide is-layout-flex wp-container-core-columns-is-layout-f3a7ff92 wp-block-columns-is-layout-flex\">\n<div class=\"wp-block-column is-layout-flow wp-container-core-column-is-layout-f5bb311e wp-block-column-is-layout-flow\">\n<figure class=\"wp-block-image size-large is-style-rounded is-style-rounded--1\"><img decoding=\"async\" width=\"1024\" height=\"1024\" src=\"https:\/\/www.schepers-photography.de\/wp-content\/uploads\/2023\/08\/gartenmarkt_maikammer_2023_0267_klein-1024x1024.jpg\" alt=\"Einmal Zitronenlimonade bitte ;) | Maikammer feiert Pf\u00e4lzer Gartenmarkt 2023 | Werbe und Reportagefotograf Schepers\" class=\"wp-image-15808\" srcset=\"https:\/\/www.schepers-photography.de\/wp-content\/uploads\/2023\/08\/gartenmarkt_maikammer_2023_0267_klein-1024x1024.jpg 1024w, https:\/\/www.schepers-photography.de\/wp-content\/uploads\/2023\/08\/gartenmarkt_maikammer_2023_0267_klein-300x300.jpg 300w, https:\/\/www.schepers-photography.de\/wp-content\/uploads\/2023\/08\/gartenmarkt_maikammer_2023_0267_klein-150x150.jpg 150w, https:\/\/www.schepers-photography.de\/wp-content\/uploads\/2023\/08\/gartenmarkt_maikammer_2023_0267_klein-768x768.jpg 768w, https:\/\/www.schepers-photography.de\/wp-content\/uploads\/2023\/08\/gartenmarkt_maikammer_2023_0267_klein-60x60.jpg 60w, https:\/\/www.schepers-photography.de\/wp-content\/uploads\/2023\/08\/gartenmarkt_maikammer_2023_0267_klein-480x480.jpg 480w, https:\/\/www.schepers-photography.de\/wp-content\/uploads\/2023\/08\/gartenmarkt_maikammer_2023_0267_klein-560x560.jpg 560w, https:\/\/www.schepers-photography.de\/wp-content\/uploads\/2023\/08\/gartenmarkt_maikammer_2023_0267_klein-1536x1536.jpg 1536w, https:\/\/www.schepers-photography.de\/wp-content\/uploads\/2023\/08\/gartenmarkt_maikammer_2023_0267_klein-12x12.jpg 12w, https:\/\/www.schepers-photography.de\/wp-content\/uploads\/2023\/08\/gartenmarkt_maikammer_2023_0267_klein.jpg 1600w\" sizes=\"(max-width: 1024px) 100vw, 1024px\" \/><\/figure>\n\n\n\n<p class=\"has-large-font-size\" style=\"font-style:normal;font-weight:500\">Ein besonderes Highlight:<\/p>\n\n\n\n<p>Der Fenchel aus dem Mediterranen Garten, der mit seiner kulturgeschichtlichen Bedeutung begeistert. Und das Beste? Der gesamte Garten ist barrierefrei und somit f\u00fcr jeden zug\u00e4nglich. Tauchen Sie ein in diese botanische Schatzkiste!<\/p>\n<\/div>\n\n\n\n<div class=\"wp-block-column is-layout-flow wp-container-core-column-is-layout-f5bb311e wp-block-column-is-layout-flow\">\n<p>Wundersame Entdeckungen lauern an jeder Ecke des malerischen Gartens. Ein solches Juwel ist der strauchige Schneckenklee, der nicht nur durch seine filigrane Erscheinung bezaubert, sondern auch durch seine einzigartige Bl\u00fctenform und seinen zarten Duft. Ein Pflanzenwunder, das die Magie der Natur in sich tr\u00e4gt und jeden Besucher in seinen Bann zieht.<\/p>\n\n\n\n<figure class=\"wp-block-gallery has-nested-images columns-default is-cropped wp-block-gallery-4 is-layout-flex wp-block-gallery-is-layout-flex\">\n<figure class=\"wp-block-image size-image-560 is-style-rounded is-style-rounded--2\"><img decoding=\"async\" width=\"560\" height=\"560\" data-id=\"15810\" src=\"https:\/\/www.schepers-photography.de\/wp-content\/uploads\/2023\/08\/gartenmarkt_maikammer_2023_0287_klein-560x560.jpg\" alt=\"Einmal Zitronenlimonade bitte ;) | Maikammer feiert Pf\u00e4lzer Gartenmarkt 2023 | Werbe und Reportagefotograf Schepers\" class=\"wp-image-15810\" srcset=\"https:\/\/www.schepers-photography.de\/wp-content\/uploads\/2023\/08\/gartenmarkt_maikammer_2023_0287_klein-560x560.jpg 560w, https:\/\/www.schepers-photography.de\/wp-content\/uploads\/2023\/08\/gartenmarkt_maikammer_2023_0287_klein-300x300.jpg 300w, https:\/\/www.schepers-photography.de\/wp-content\/uploads\/2023\/08\/gartenmarkt_maikammer_2023_0287_klein-1024x1024.jpg 1024w, https:\/\/www.schepers-photography.de\/wp-content\/uploads\/2023\/08\/gartenmarkt_maikammer_2023_0287_klein-150x150.jpg 150w, https:\/\/www.schepers-photography.de\/wp-content\/uploads\/2023\/08\/gartenmarkt_maikammer_2023_0287_klein-768x768.jpg 768w, https:\/\/www.schepers-photography.de\/wp-content\/uploads\/2023\/08\/gartenmarkt_maikammer_2023_0287_klein-60x60.jpg 60w, https:\/\/www.schepers-photography.de\/wp-content\/uploads\/2023\/08\/gartenmarkt_maikammer_2023_0287_klein-480x480.jpg 480w, https:\/\/www.schepers-photography.de\/wp-content\/uploads\/2023\/08\/gartenmarkt_maikammer_2023_0287_klein-1536x1536.jpg 1536w, https:\/\/www.schepers-photography.de\/wp-content\/uploads\/2023\/08\/gartenmarkt_maikammer_2023_0287_klein-12x12.jpg 12w, https:\/\/www.schepers-photography.de\/wp-content\/uploads\/2023\/08\/gartenmarkt_maikammer_2023_0287_klein.jpg 1600w\" sizes=\"(max-width: 560px) 100vw, 560px\" \/><\/figure>\n\n\n\n<figure class=\"wp-block-image size-image-560 is-style-rounded is-style-rounded--3\"><img decoding=\"async\" width=\"560\" height=\"560\" data-id=\"15811\" src=\"https:\/\/www.schepers-photography.de\/wp-content\/uploads\/2023\/08\/gartenmarkt_maikammer_2023_0290_klein-560x560.jpg\" alt=\"Einmal Zitronenlimonade bitte ;) | Maikammer feiert Pf\u00e4lzer Gartenmarkt 2023 | Werbe und Reportagefotograf Schepers\" class=\"wp-image-15811\" srcset=\"https:\/\/www.schepers-photography.de\/wp-content\/uploads\/2023\/08\/gartenmarkt_maikammer_2023_0290_klein-560x560.jpg 560w, https:\/\/www.schepers-photography.de\/wp-content\/uploads\/2023\/08\/gartenmarkt_maikammer_2023_0290_klein-300x300.jpg 300w, https:\/\/www.schepers-photography.de\/wp-content\/uploads\/2023\/08\/gartenmarkt_maikammer_2023_0290_klein-1024x1024.jpg 1024w, https:\/\/www.schepers-photography.de\/wp-content\/uploads\/2023\/08\/gartenmarkt_maikammer_2023_0290_klein-150x150.jpg 150w, https:\/\/www.schepers-photography.de\/wp-content\/uploads\/2023\/08\/gartenmarkt_maikammer_2023_0290_klein-768x768.jpg 768w, https:\/\/www.schepers-photography.de\/wp-content\/uploads\/2023\/08\/gartenmarkt_maikammer_2023_0290_klein-60x60.jpg 60w, https:\/\/www.schepers-photography.de\/wp-content\/uploads\/2023\/08\/gartenmarkt_maikammer_2023_0290_klein-480x480.jpg 480w, https:\/\/www.schepers-photography.de\/wp-content\/uploads\/2023\/08\/gartenmarkt_maikammer_2023_0290_klein-1536x1536.jpg 1536w, https:\/\/www.schepers-photography.de\/wp-content\/uploads\/2023\/08\/gartenmarkt_maikammer_2023_0290_klein-12x12.jpg 12w, https:\/\/www.schepers-photography.de\/wp-content\/uploads\/2023\/08\/gartenmarkt_maikammer_2023_0290_klein.jpg 1600w\" sizes=\"(max-width: 560px) 100vw, 560px\" \/><\/figure>\n<\/figure>\n\n\n\n<p>(Medicago arborea) genau eben dieser Schneckenklee ist eine beeindruckende Pflanzenart aus der Familie der H\u00fclsenfr\u00fcchtler. Urspr\u00fcnglich im Mittelmeerraum beheimatet, fasziniert dieser Strauch durch seine charakteristischen, schneckenf\u00f6rmigen Fr\u00fcchte und seine leuchtend gelben Bl\u00fcten. Ein wahrer Blickfang in jedem Garten und ein Zeugnis der vielf\u00e4ltigen Sch\u00f6nheit der mediterranen Flora.<\/p>\n<\/div>\n\n\n\n<div class=\"wp-block-column is-layout-flow wp-container-core-column-is-layout-f5bb311e wp-block-column-is-layout-flow\">\n<figure class=\"wp-block-image size-large is-style-rounded is-style-rounded--5\"><img decoding=\"async\" width=\"1024\" height=\"1024\" src=\"https:\/\/www.schepers-photography.de\/wp-content\/uploads\/2023\/08\/gartenmarkt_maikammer_2023_0278_klein-1024x1024.jpg\" alt=\"Einmal Zitronenlimonade bitte ;) | Maikammer feiert Pf\u00e4lzer Gartenmarkt 2023 | Werbe und Reportagefotograf Schepers\" class=\"wp-image-15809\" srcset=\"https:\/\/www.schepers-photography.de\/wp-content\/uploads\/2023\/08\/gartenmarkt_maikammer_2023_0278_klein-1024x1024.jpg 1024w, https:\/\/www.schepers-photography.de\/wp-content\/uploads\/2023\/08\/gartenmarkt_maikammer_2023_0278_klein-300x300.jpg 300w, https:\/\/www.schepers-photography.de\/wp-content\/uploads\/2023\/08\/gartenmarkt_maikammer_2023_0278_klein-150x150.jpg 150w, https:\/\/www.schepers-photography.de\/wp-content\/uploads\/2023\/08\/gartenmarkt_maikammer_2023_0278_klein-768x768.jpg 768w, https:\/\/www.schepers-photography.de\/wp-content\/uploads\/2023\/08\/gartenmarkt_maikammer_2023_0278_klein-60x60.jpg 60w, https:\/\/www.schepers-photography.de\/wp-content\/uploads\/2023\/08\/gartenmarkt_maikammer_2023_0278_klein-480x480.jpg 480w, https:\/\/www.schepers-photography.de\/wp-content\/uploads\/2023\/08\/gartenmarkt_maikammer_2023_0278_klein-560x560.jpg 560w, https:\/\/www.schepers-photography.de\/wp-content\/uploads\/2023\/08\/gartenmarkt_maikammer_2023_0278_klein-1536x1536.jpg 1536w, https:\/\/www.schepers-photography.de\/wp-content\/uploads\/2023\/08\/gartenmarkt_maikammer_2023_0278_klein-12x12.jpg 12w, https:\/\/www.schepers-photography.de\/wp-content\/uploads\/2023\/08\/gartenmarkt_maikammer_2023_0278_klein.jpg 1600w\" sizes=\"(max-width: 1024px) 100vw, 1024px\" \/><\/figure>\n\n\n\n<p>Ein kleines R\u00e4tsel f\u00fcr Pflanzenliebhaber: K\u00f6nnen Sie anhand des Blattes erkennen, welcher Baum sich hier verbirgt? Richtig, es handelt sich um den immergr\u00fcnen Ahorn aus Kreta, einem Juwel der \u00c4g\u00e4is. Dieser besondere Ahorn besticht nicht nur durch seine best\u00e4ndige Gr\u00fcnpracht, sondern auch durch seine Herkunft aus der malerischen \u00c4g\u00e4is-Region. Ein echter Hingucker f\u00fcr jeden Garten!<\/p>\n<\/div>\n<\/div>\n\n\n\n<div class=\"wp-block-columns alignwide is-layout-flex wp-container-core-columns-is-layout-f3a7ff92 wp-block-columns-is-layout-flex\">\n<div class=\"wp-block-column is-layout-flow wp-block-column-is-layout-flow\" style=\"flex-basis:66.66%\">\n<figure class=\"wp-block-gallery has-nested-images columns-default is-cropped wp-block-gallery-9 is-layout-flex wp-block-gallery-is-layout-flex\">\n<figure class=\"wp-block-image size-large is-style-rounded is-style-rounded--6\"><img decoding=\"async\" width=\"1024\" height=\"1024\" data-id=\"15812\" src=\"https:\/\/www.schepers-photography.de\/wp-content\/uploads\/2023\/08\/gartenmarkt_maikammer_2023_0258-1024x1024.jpg\" alt=\"Einmal Zitronenlimonade bitte ;) | Maikammer feiert Pf\u00e4lzer Gartenmarkt 2023 | Werbe und Reportagefotograf Schepers\" class=\"wp-image-15812\" srcset=\"https:\/\/www.schepers-photography.de\/wp-content\/uploads\/2023\/08\/gartenmarkt_maikammer_2023_0258-1024x1024.jpg 1024w, https:\/\/www.schepers-photography.de\/wp-content\/uploads\/2023\/08\/gartenmarkt_maikammer_2023_0258-300x300.jpg 300w, https:\/\/www.schepers-photography.de\/wp-content\/uploads\/2023\/08\/gartenmarkt_maikammer_2023_0258-150x150.jpg 150w, https:\/\/www.schepers-photography.de\/wp-content\/uploads\/2023\/08\/gartenmarkt_maikammer_2023_0258-768x768.jpg 768w, https:\/\/www.schepers-photography.de\/wp-content\/uploads\/2023\/08\/gartenmarkt_maikammer_2023_0258-60x60.jpg 60w, https:\/\/www.schepers-photography.de\/wp-content\/uploads\/2023\/08\/gartenmarkt_maikammer_2023_0258-480x480.jpg 480w, https:\/\/www.schepers-photography.de\/wp-content\/uploads\/2023\/08\/gartenmarkt_maikammer_2023_0258-560x560.jpg 560w, https:\/\/www.schepers-photography.de\/wp-content\/uploads\/2023\/08\/gartenmarkt_maikammer_2023_0258-1536x1536.jpg 1536w, https:\/\/www.schepers-photography.de\/wp-content\/uploads\/2023\/08\/gartenmarkt_maikammer_2023_0258-12x12.jpg 12w, https:\/\/www.schepers-photography.de\/wp-content\/uploads\/2023\/08\/gartenmarkt_maikammer_2023_0258.jpg 1766w\" sizes=\"(max-width: 1024px) 100vw, 1024px\" \/><\/figure>\n\n\n\n<figure class=\"wp-block-image size-large is-style-rounded is-style-rounded--7\"><img decoding=\"async\" width=\"1024\" height=\"1024\" data-id=\"15813\" src=\"https:\/\/www.schepers-photography.de\/wp-content\/uploads\/2023\/08\/gartenmarkt_maikammer_2023_0256-1024x1024.jpg\" alt=\"Einmal Zitronenlimonade bitte ;) | Maikammer feiert Pf\u00e4lzer Gartenmarkt 2023 | Werbe und Reportagefotograf Schepers\" class=\"wp-image-15813\" srcset=\"https:\/\/www.schepers-photography.de\/wp-content\/uploads\/2023\/08\/gartenmarkt_maikammer_2023_0256-1024x1024.jpg 1024w, https:\/\/www.schepers-photography.de\/wp-content\/uploads\/2023\/08\/gartenmarkt_maikammer_2023_0256-300x300.jpg 300w, https:\/\/www.schepers-photography.de\/wp-content\/uploads\/2023\/08\/gartenmarkt_maikammer_2023_0256-150x150.jpg 150w, https:\/\/www.schepers-photography.de\/wp-content\/uploads\/2023\/08\/gartenmarkt_maikammer_2023_0256-768x768.jpg 768w, https:\/\/www.schepers-photography.de\/wp-content\/uploads\/2023\/08\/gartenmarkt_maikammer_2023_0256-60x60.jpg 60w, https:\/\/www.schepers-photography.de\/wp-content\/uploads\/2023\/08\/gartenmarkt_maikammer_2023_0256-480x480.jpg 480w, https:\/\/www.schepers-photography.de\/wp-content\/uploads\/2023\/08\/gartenmarkt_maikammer_2023_0256-560x560.jpg 560w, https:\/\/www.schepers-photography.de\/wp-content\/uploads\/2023\/08\/gartenmarkt_maikammer_2023_0256-1920x1920.jpg 1920w, https:\/\/www.schepers-photography.de\/wp-content\/uploads\/2023\/08\/gartenmarkt_maikammer_2023_0256-1536x1536.jpg 1536w, https:\/\/www.schepers-photography.de\/wp-content\/uploads\/2023\/08\/gartenmarkt_maikammer_2023_0256-2048x2048.jpg 2048w, https:\/\/www.schepers-photography.de\/wp-content\/uploads\/2023\/08\/gartenmarkt_maikammer_2023_0256-12x12.jpg 12w\" sizes=\"(max-width: 1024px) 100vw, 1024px\" \/><\/figure>\n\n\n\n<figure class=\"wp-block-image size-large is-style-rounded is-style-rounded--8\"><img decoding=\"async\" width=\"1024\" height=\"1024\" data-id=\"15814\" src=\"https:\/\/www.schepers-photography.de\/wp-content\/uploads\/2023\/08\/gartenmarkt_maikammer_2023_0257-1024x1024.jpg\" alt=\"Einmal Zitronenlimonade bitte ;) | Maikammer feiert Pf\u00e4lzer Gartenmarkt 2023 | Werbe und Reportagefotograf Schepers\" class=\"wp-image-15814\" srcset=\"https:\/\/www.schepers-photography.de\/wp-content\/uploads\/2023\/08\/gartenmarkt_maikammer_2023_0257-1024x1024.jpg 1024w, https:\/\/www.schepers-photography.de\/wp-content\/uploads\/2023\/08\/gartenmarkt_maikammer_2023_0257-300x300.jpg 300w, https:\/\/www.schepers-photography.de\/wp-content\/uploads\/2023\/08\/gartenmarkt_maikammer_2023_0257-150x150.jpg 150w, https:\/\/www.schepers-photography.de\/wp-content\/uploads\/2023\/08\/gartenmarkt_maikammer_2023_0257-768x768.jpg 768w, https:\/\/www.schepers-photography.de\/wp-content\/uploads\/2023\/08\/gartenmarkt_maikammer_2023_0257-60x60.jpg 60w, https:\/\/www.schepers-photography.de\/wp-content\/uploads\/2023\/08\/gartenmarkt_maikammer_2023_0257-480x480.jpg 480w, https:\/\/www.schepers-photography.de\/wp-content\/uploads\/2023\/08\/gartenmarkt_maikammer_2023_0257-560x560.jpg 560w, https:\/\/www.schepers-photography.de\/wp-content\/uploads\/2023\/08\/gartenmarkt_maikammer_2023_0257-1920x1920.jpg 1920w, https:\/\/www.schepers-photography.de\/wp-content\/uploads\/2023\/08\/gartenmarkt_maikammer_2023_0257-1536x1536.jpg 1536w, https:\/\/www.schepers-photography.de\/wp-content\/uploads\/2023\/08\/gartenmarkt_maikammer_2023_0257-12x12.jpg 12w, https:\/\/www.schepers-photography.de\/wp-content\/uploads\/2023\/08\/gartenmarkt_maikammer_2023_0257.jpg 1988w\" sizes=\"(max-width: 1024px) 100vw, 1024px\" \/><\/figure>\n<\/figure>\n<\/div>\n\n\n\n<div class=\"wp-block-column is-layout-flow wp-block-column-is-layout-flow\" style=\"flex-basis:33.33%\">\n<p>Die Gemeine Sandwespe (Ammophila sabulosa) hier an der Edeldistel &#8218;Blaukappe&#8216; ist ein faszinierendes Insekt aus der Familie der Grabwespen hier erkennt man auch die vielfalt der Pflanzen zieht auch verschiedenste Insekten an und tr\u00e4gt auch zur Artenvielfalt dieser bei. Auch der Stahlblaue Grillenj\u00e4ger (Sphecidae (Grabwespen) habe ich zumindest vorher noch nie gesehen und zeigt das es auch in der Region eine Vielfalt gibt die verzaubert. (Dies ist \u00fcbriegens die komplett schwarze Wespe an der Distel.<\/p>\n<\/div>\n<\/div>\n\n\n\n<div class=\"wp-block-columns alignwide is-layout-flex wp-container-core-columns-is-layout-f3a7ff92 wp-block-columns-is-layout-flex\">\n<div class=\"wp-block-column is-layout-flow wp-block-column-is-layout-flow\" style=\"flex-basis:33.33%\">\n<p>Neben einem pr\u00e4chtigen&nbsp;<strong>Oleander<\/strong>, findet man den \u00c4tna-Ampfer, der Erinnerungen an die vulkanischen Landschaften Siziliens weckt. Nicht zu vergessen ist die sizilianische Zelkove, ein Baum, der die Geschichte und Kultur Siziliens in seinen \u00c4sten tr\u00e4gt. Hinzu kommt der Salbei aus Jerusalem, der mit seinem aromatischen Duft die Sinne bet\u00f6rt. Beim Durchwandern dieser Pflanzenvielfalt f\u00fchlt man sich, als w\u00fcrde man auf eine kleine Weltreise gehen, obwohl man sich mitten in der Pfalz befindet.<\/p>\n<\/div>\n\n\n\n<div class=\"wp-block-column is-layout-flow wp-block-column-is-layout-flow\" style=\"flex-basis:66.66%\">\n<figure class=\"wp-block-gallery has-nested-images columns-4 is-cropped wp-block-gallery-18 is-layout-flex wp-block-gallery-is-layout-flex\">\n<figure data-wp-context=\"{&quot;imageId&quot;:&quot;69f28c78eec62&quot;}\" data-wp-interactive=\"core\/image\" data-wp-key=\"69f28c78eec62\" class=\"wp-block-image size-image-480 is-style-rounded is-style-rounded--10 wp-lightbox-container\"><img decoding=\"async\" width=\"480\" height=\"480\" data-wp-class--hide=\"state.isContentHidden\" data-wp-class--show=\"state.isContentVisible\" data-wp-init=\"callbacks.setButtonStyles\" data-wp-on--click=\"actions.showLightbox\" data-wp-on--load=\"callbacks.setButtonStyles\" data-wp-on-window--resize=\"callbacks.setButtonStyles\" data-id=\"15818\" src=\"https:\/\/www.schepers-photography.de\/wp-content\/uploads\/2023\/08\/gartenmarkt_maikammer_2023_0297_klein-480x480.jpg\" alt=\"Einmal Zitronenlimonade bitte ;) | Maikammer feiert Pf\u00e4lzer Gartenmarkt 2023 | Werbe und Reportagefotograf Schepers\" class=\"wp-image-15818\" srcset=\"https:\/\/www.schepers-photography.de\/wp-content\/uploads\/2023\/08\/gartenmarkt_maikammer_2023_0297_klein-480x480.jpg 480w, https:\/\/www.schepers-photography.de\/wp-content\/uploads\/2023\/08\/gartenmarkt_maikammer_2023_0297_klein-300x300.jpg 300w, https:\/\/www.schepers-photography.de\/wp-content\/uploads\/2023\/08\/gartenmarkt_maikammer_2023_0297_klein-1024x1024.jpg 1024w, https:\/\/www.schepers-photography.de\/wp-content\/uploads\/2023\/08\/gartenmarkt_maikammer_2023_0297_klein-150x150.jpg 150w, https:\/\/www.schepers-photography.de\/wp-content\/uploads\/2023\/08\/gartenmarkt_maikammer_2023_0297_klein-768x768.jpg 768w, https:\/\/www.schepers-photography.de\/wp-content\/uploads\/2023\/08\/gartenmarkt_maikammer_2023_0297_klein-60x60.jpg 60w, https:\/\/www.schepers-photography.de\/wp-content\/uploads\/2023\/08\/gartenmarkt_maikammer_2023_0297_klein-560x560.jpg 560w, https:\/\/www.schepers-photography.de\/wp-content\/uploads\/2023\/08\/gartenmarkt_maikammer_2023_0297_klein-1536x1536.jpg 1536w, https:\/\/www.schepers-photography.de\/wp-content\/uploads\/2023\/08\/gartenmarkt_maikammer_2023_0297_klein-12x12.jpg 12w, https:\/\/www.schepers-photography.de\/wp-content\/uploads\/2023\/08\/gartenmarkt_maikammer_2023_0297_klein.jpg 1600w\" sizes=\"(max-width: 480px) 100vw, 480px\" \/><button\n\t\t\tclass=\"lightbox-trigger\"\n\t\t\ttype=\"button\"\n\t\t\taria-haspopup=\"dialog\"\n\t\t\taria-label=\"Enlarge\"\n\t\t\tdata-wp-init=\"callbacks.initTriggerButton\"\n\t\t\tdata-wp-on--click=\"actions.showLightbox\"\n\t\t\tdata-wp-style--right=\"state.imageButtonRight\"\n\t\t\tdata-wp-style--top=\"state.imageButtonTop\"\n\t\t>\n\t\t\t<svg xmlns=\"http:\/\/www.w3.org\/2000\/svg\" width=\"12\" height=\"12\" fill=\"none\" viewBox=\"0 0 12 12\">\n\t\t\t\t<path fill=\"#fff\" d=\"M2 0a2 2 0 0 0-2 2v2h1.5V2a.5.5 0 0 1 .5-.5h2V0H2Zm2 10.5H2a.5.5 0 0 1-.5-.5V8H0v2a2 2 0 0 0 2 2h2v-1.5ZM8 12v-1.5h2a.5.5 0 0 0 .5-.5V8H12v2a2 2 0 0 1-2 2H8Zm2-12a2 2 0 0 1 2 2v2h-1.5V2a.5.5 0 0 0-.5-.5H8V0h2Z\" \/>\n\t\t\t<\/svg>\n\t\t<\/button><\/figure>\n\n\n\n<figure data-wp-context=\"{&quot;imageId&quot;:&quot;69f28c78ef1c6&quot;}\" data-wp-interactive=\"core\/image\" data-wp-key=\"69f28c78ef1c6\" class=\"wp-block-image size-image-480 is-style-rounded is-style-rounded--11 wp-lightbox-container\"><img decoding=\"async\" width=\"480\" height=\"480\" data-wp-class--hide=\"state.isContentHidden\" data-wp-class--show=\"state.isContentVisible\" data-wp-init=\"callbacks.setButtonStyles\" data-wp-on--click=\"actions.showLightbox\" data-wp-on--load=\"callbacks.setButtonStyles\" data-wp-on-window--resize=\"callbacks.setButtonStyles\" data-id=\"15820\" src=\"https:\/\/www.schepers-photography.de\/wp-content\/uploads\/2023\/08\/gartenmarkt_maikammer_2023_0270_klein-480x480.jpg\" alt=\"Einmal Zitronenlimonade bitte ;) | Maikammer feiert Pf\u00e4lzer Gartenmarkt 2023 | Werbe und Reportagefotograf Schepers\" class=\"wp-image-15820\" srcset=\"https:\/\/www.schepers-photography.de\/wp-content\/uploads\/2023\/08\/gartenmarkt_maikammer_2023_0270_klein-480x480.jpg 480w, https:\/\/www.schepers-photography.de\/wp-content\/uploads\/2023\/08\/gartenmarkt_maikammer_2023_0270_klein-300x300.jpg 300w, https:\/\/www.schepers-photography.de\/wp-content\/uploads\/2023\/08\/gartenmarkt_maikammer_2023_0270_klein-1024x1024.jpg 1024w, https:\/\/www.schepers-photography.de\/wp-content\/uploads\/2023\/08\/gartenmarkt_maikammer_2023_0270_klein-150x150.jpg 150w, https:\/\/www.schepers-photography.de\/wp-content\/uploads\/2023\/08\/gartenmarkt_maikammer_2023_0270_klein-768x768.jpg 768w, https:\/\/www.schepers-photography.de\/wp-content\/uploads\/2023\/08\/gartenmarkt_maikammer_2023_0270_klein-60x60.jpg 60w, https:\/\/www.schepers-photography.de\/wp-content\/uploads\/2023\/08\/gartenmarkt_maikammer_2023_0270_klein-560x560.jpg 560w, https:\/\/www.schepers-photography.de\/wp-content\/uploads\/2023\/08\/gartenmarkt_maikammer_2023_0270_klein-1536x1536.jpg 1536w, https:\/\/www.schepers-photography.de\/wp-content\/uploads\/2023\/08\/gartenmarkt_maikammer_2023_0270_klein-12x12.jpg 12w, https:\/\/www.schepers-photography.de\/wp-content\/uploads\/2023\/08\/gartenmarkt_maikammer_2023_0270_klein.jpg 1600w\" sizes=\"(max-width: 480px) 100vw, 480px\" \/><button\n\t\t\tclass=\"lightbox-trigger\"\n\t\t\ttype=\"button\"\n\t\t\taria-haspopup=\"dialog\"\n\t\t\taria-label=\"Enlarge\"\n\t\t\tdata-wp-init=\"callbacks.initTriggerButton\"\n\t\t\tdata-wp-on--click=\"actions.showLightbox\"\n\t\t\tdata-wp-style--right=\"state.imageButtonRight\"\n\t\t\tdata-wp-style--top=\"state.imageButtonTop\"\n\t\t>\n\t\t\t<svg xmlns=\"http:\/\/www.w3.org\/2000\/svg\" width=\"12\" height=\"12\" fill=\"none\" viewBox=\"0 0 12 12\">\n\t\t\t\t<path fill=\"#fff\" d=\"M2 0a2 2 0 0 0-2 2v2h1.5V2a.5.5 0 0 1 .5-.5h2V0H2Zm2 10.5H2a.5.5 0 0 1-.5-.5V8H0v2a2 2 0 0 0 2 2h2v-1.5ZM8 12v-1.5h2a.5.5 0 0 0 .5-.5V8H12v2a2 2 0 0 1-2 2H8Zm2-12a2 2 0 0 1 2 2v2h-1.5V2a.5.5 0 0 0-.5-.5H8V0h2Z\" \/>\n\t\t\t<\/svg>\n\t\t<\/button><\/figure>\n\n\n\n<figure data-wp-context=\"{&quot;imageId&quot;:&quot;69f28c78ef6ac&quot;}\" data-wp-interactive=\"core\/image\" data-wp-key=\"69f28c78ef6ac\" class=\"wp-block-image size-image-480 is-style-rounded is-style-rounded--12 wp-lightbox-container\"><img decoding=\"async\" width=\"480\" height=\"480\" data-wp-class--hide=\"state.isContentHidden\" data-wp-class--show=\"state.isContentVisible\" data-wp-init=\"callbacks.setButtonStyles\" data-wp-on--click=\"actions.showLightbox\" data-wp-on--load=\"callbacks.setButtonStyles\" data-wp-on-window--resize=\"callbacks.setButtonStyles\" data-id=\"15822\" src=\"https:\/\/www.schepers-photography.de\/wp-content\/uploads\/2023\/08\/gartenmarkt_maikammer_2023_0260_klein-480x480.jpg\" alt=\"Einmal Zitronenlimonade bitte ;) | Maikammer feiert Pf\u00e4lzer Gartenmarkt 2023 | Werbe und Reportagefotograf Schepers\" class=\"wp-image-15822\" srcset=\"https:\/\/www.schepers-photography.de\/wp-content\/uploads\/2023\/08\/gartenmarkt_maikammer_2023_0260_klein-480x480.jpg 480w, https:\/\/www.schepers-photography.de\/wp-content\/uploads\/2023\/08\/gartenmarkt_maikammer_2023_0260_klein-300x300.jpg 300w, https:\/\/www.schepers-photography.de\/wp-content\/uploads\/2023\/08\/gartenmarkt_maikammer_2023_0260_klein-1024x1024.jpg 1024w, https:\/\/www.schepers-photography.de\/wp-content\/uploads\/2023\/08\/gartenmarkt_maikammer_2023_0260_klein-150x150.jpg 150w, https:\/\/www.schepers-photography.de\/wp-content\/uploads\/2023\/08\/gartenmarkt_maikammer_2023_0260_klein-768x768.jpg 768w, https:\/\/www.schepers-photography.de\/wp-content\/uploads\/2023\/08\/gartenmarkt_maikammer_2023_0260_klein-60x60.jpg 60w, https:\/\/www.schepers-photography.de\/wp-content\/uploads\/2023\/08\/gartenmarkt_maikammer_2023_0260_klein-560x560.jpg 560w, https:\/\/www.schepers-photography.de\/wp-content\/uploads\/2023\/08\/gartenmarkt_maikammer_2023_0260_klein-1536x1536.jpg 1536w, https:\/\/www.schepers-photography.de\/wp-content\/uploads\/2023\/08\/gartenmarkt_maikammer_2023_0260_klein-12x12.jpg 12w, https:\/\/www.schepers-photography.de\/wp-content\/uploads\/2023\/08\/gartenmarkt_maikammer_2023_0260_klein.jpg 1600w\" sizes=\"(max-width: 480px) 100vw, 480px\" \/><button\n\t\t\tclass=\"lightbox-trigger\"\n\t\t\ttype=\"button\"\n\t\t\taria-haspopup=\"dialog\"\n\t\t\taria-label=\"Enlarge\"\n\t\t\tdata-wp-init=\"callbacks.initTriggerButton\"\n\t\t\tdata-wp-on--click=\"actions.showLightbox\"\n\t\t\tdata-wp-style--right=\"state.imageButtonRight\"\n\t\t\tdata-wp-style--top=\"state.imageButtonTop\"\n\t\t>\n\t\t\t<svg xmlns=\"http:\/\/www.w3.org\/2000\/svg\" width=\"12\" height=\"12\" fill=\"none\" viewBox=\"0 0 12 12\">\n\t\t\t\t<path fill=\"#fff\" d=\"M2 0a2 2 0 0 0-2 2v2h1.5V2a.5.5 0 0 1 .5-.5h2V0H2Zm2 10.5H2a.5.5 0 0 1-.5-.5V8H0v2a2 2 0 0 0 2 2h2v-1.5ZM8 12v-1.5h2a.5.5 0 0 0 .5-.5V8H12v2a2 2 0 0 1-2 2H8Zm2-12a2 2 0 0 1 2 2v2h-1.5V2a.5.5 0 0 0-.5-.5H8V0h2Z\" \/>\n\t\t\t<\/svg>\n\t\t<\/button><\/figure>\n\n\n\n<figure data-wp-context=\"{&quot;imageId&quot;:&quot;69f28c78efb92&quot;}\" data-wp-interactive=\"core\/image\" data-wp-key=\"69f28c78efb92\" class=\"wp-block-image size-image-480 is-style-rounded is-style-rounded--13 wp-lightbox-container\"><img decoding=\"async\" width=\"480\" height=\"480\" data-wp-class--hide=\"state.isContentHidden\" data-wp-class--show=\"state.isContentVisible\" data-wp-init=\"callbacks.setButtonStyles\" data-wp-on--click=\"actions.showLightbox\" data-wp-on--load=\"callbacks.setButtonStyles\" data-wp-on-window--resize=\"callbacks.setButtonStyles\" data-id=\"15823\" src=\"https:\/\/www.schepers-photography.de\/wp-content\/uploads\/2023\/08\/gartenmarkt_maikammer_2023_0266_klein-480x480.jpg\" alt=\"Einmal Zitronenlimonade bitte ;) | Maikammer feiert Pf\u00e4lzer Gartenmarkt 2023 | Werbe und Reportagefotograf Schepers\" class=\"wp-image-15823\" srcset=\"https:\/\/www.schepers-photography.de\/wp-content\/uploads\/2023\/08\/gartenmarkt_maikammer_2023_0266_klein-480x480.jpg 480w, https:\/\/www.schepers-photography.de\/wp-content\/uploads\/2023\/08\/gartenmarkt_maikammer_2023_0266_klein-300x300.jpg 300w, https:\/\/www.schepers-photography.de\/wp-content\/uploads\/2023\/08\/gartenmarkt_maikammer_2023_0266_klein-1024x1024.jpg 1024w, https:\/\/www.schepers-photography.de\/wp-content\/uploads\/2023\/08\/gartenmarkt_maikammer_2023_0266_klein-150x150.jpg 150w, https:\/\/www.schepers-photography.de\/wp-content\/uploads\/2023\/08\/gartenmarkt_maikammer_2023_0266_klein-768x768.jpg 768w, https:\/\/www.schepers-photography.de\/wp-content\/uploads\/2023\/08\/gartenmarkt_maikammer_2023_0266_klein-60x60.jpg 60w, https:\/\/www.schepers-photography.de\/wp-content\/uploads\/2023\/08\/gartenmarkt_maikammer_2023_0266_klein-560x560.jpg 560w, https:\/\/www.schepers-photography.de\/wp-content\/uploads\/2023\/08\/gartenmarkt_maikammer_2023_0266_klein-1536x1536.jpg 1536w, https:\/\/www.schepers-photography.de\/wp-content\/uploads\/2023\/08\/gartenmarkt_maikammer_2023_0266_klein-12x12.jpg 12w, https:\/\/www.schepers-photography.de\/wp-content\/uploads\/2023\/08\/gartenmarkt_maikammer_2023_0266_klein.jpg 1600w\" sizes=\"(max-width: 480px) 100vw, 480px\" \/><button\n\t\t\tclass=\"lightbox-trigger\"\n\t\t\ttype=\"button\"\n\t\t\taria-haspopup=\"dialog\"\n\t\t\taria-label=\"Enlarge\"\n\t\t\tdata-wp-init=\"callbacks.initTriggerButton\"\n\t\t\tdata-wp-on--click=\"actions.showLightbox\"\n\t\t\tdata-wp-style--right=\"state.imageButtonRight\"\n\t\t\tdata-wp-style--top=\"state.imageButtonTop\"\n\t\t>\n\t\t\t<svg xmlns=\"http:\/\/www.w3.org\/2000\/svg\" width=\"12\" height=\"12\" fill=\"none\" viewBox=\"0 0 12 12\">\n\t\t\t\t<path fill=\"#fff\" d=\"M2 0a2 2 0 0 0-2 2v2h1.5V2a.5.5 0 0 1 .5-.5h2V0H2Zm2 10.5H2a.5.5 0 0 1-.5-.5V8H0v2a2 2 0 0 0 2 2h2v-1.5ZM8 12v-1.5h2a.5.5 0 0 0 .5-.5V8H12v2a2 2 0 0 1-2 2H8Zm2-12a2 2 0 0 1 2 2v2h-1.5V2a.5.5 0 0 0-.5-.5H8V0h2Z\" \/>\n\t\t\t<\/svg>\n\t\t<\/button><\/figure>\n\n\n\n<figure class=\"wp-block-image size-image-480 is-style-rounded is-style-rounded--14\"><img decoding=\"async\" width=\"480\" height=\"480\" data-id=\"15819\" src=\"https:\/\/www.schepers-photography.de\/wp-content\/uploads\/2023\/08\/gartenmarkt_maikammer_2023_0275_klein-480x480.jpg\" alt=\"Einmal Zitronenlimonade bitte ;) | Maikammer feiert Pf\u00e4lzer Gartenmarkt 2023 | Werbe und Reportagefotograf Schepers\" class=\"wp-image-15819\" srcset=\"https:\/\/www.schepers-photography.de\/wp-content\/uploads\/2023\/08\/gartenmarkt_maikammer_2023_0275_klein-480x480.jpg 480w, https:\/\/www.schepers-photography.de\/wp-content\/uploads\/2023\/08\/gartenmarkt_maikammer_2023_0275_klein-300x300.jpg 300w, https:\/\/www.schepers-photography.de\/wp-content\/uploads\/2023\/08\/gartenmarkt_maikammer_2023_0275_klein-1024x1024.jpg 1024w, https:\/\/www.schepers-photography.de\/wp-content\/uploads\/2023\/08\/gartenmarkt_maikammer_2023_0275_klein-150x150.jpg 150w, https:\/\/www.schepers-photography.de\/wp-content\/uploads\/2023\/08\/gartenmarkt_maikammer_2023_0275_klein-768x768.jpg 768w, https:\/\/www.schepers-photography.de\/wp-content\/uploads\/2023\/08\/gartenmarkt_maikammer_2023_0275_klein-60x60.jpg 60w, https:\/\/www.schepers-photography.de\/wp-content\/uploads\/2023\/08\/gartenmarkt_maikammer_2023_0275_klein-560x560.jpg 560w, https:\/\/www.schepers-photography.de\/wp-content\/uploads\/2023\/08\/gartenmarkt_maikammer_2023_0275_klein-1536x1536.jpg 1536w, https:\/\/www.schepers-photography.de\/wp-content\/uploads\/2023\/08\/gartenmarkt_maikammer_2023_0275_klein-12x12.jpg 12w, https:\/\/www.schepers-photography.de\/wp-content\/uploads\/2023\/08\/gartenmarkt_maikammer_2023_0275_klein.jpg 1600w\" sizes=\"(max-width: 480px) 100vw, 480px\" \/><\/figure>\n\n\n\n<figure class=\"wp-block-image size-image-480 is-style-rounded is-style-rounded--15\"><img decoding=\"async\" width=\"480\" height=\"480\" data-id=\"15816\" src=\"https:\/\/www.schepers-photography.de\/wp-content\/uploads\/2023\/08\/gartenmarkt_maikammer_2023_0265_klein-480x480.jpg\" alt=\"Einmal Zitronenlimonade bitte ;) | Maikammer feiert Pf\u00e4lzer Gartenmarkt 2023 | Werbe und Reportagefotograf Schepers\" class=\"wp-image-15816\" srcset=\"https:\/\/www.schepers-photography.de\/wp-content\/uploads\/2023\/08\/gartenmarkt_maikammer_2023_0265_klein-480x480.jpg 480w, https:\/\/www.schepers-photography.de\/wp-content\/uploads\/2023\/08\/gartenmarkt_maikammer_2023_0265_klein-300x300.jpg 300w, https:\/\/www.schepers-photography.de\/wp-content\/uploads\/2023\/08\/gartenmarkt_maikammer_2023_0265_klein-1024x1024.jpg 1024w, https:\/\/www.schepers-photography.de\/wp-content\/uploads\/2023\/08\/gartenmarkt_maikammer_2023_0265_klein-150x150.jpg 150w, https:\/\/www.schepers-photography.de\/wp-content\/uploads\/2023\/08\/gartenmarkt_maikammer_2023_0265_klein-768x768.jpg 768w, https:\/\/www.schepers-photography.de\/wp-content\/uploads\/2023\/08\/gartenmarkt_maikammer_2023_0265_klein-60x60.jpg 60w, https:\/\/www.schepers-photography.de\/wp-content\/uploads\/2023\/08\/gartenmarkt_maikammer_2023_0265_klein-560x560.jpg 560w, https:\/\/www.schepers-photography.de\/wp-content\/uploads\/2023\/08\/gartenmarkt_maikammer_2023_0265_klein-1536x1536.jpg 1536w, https:\/\/www.schepers-photography.de\/wp-content\/uploads\/2023\/08\/gartenmarkt_maikammer_2023_0265_klein-12x12.jpg 12w, https:\/\/www.schepers-photography.de\/wp-content\/uploads\/2023\/08\/gartenmarkt_maikammer_2023_0265_klein.jpg 1600w\" sizes=\"(max-width: 480px) 100vw, 480px\" \/><\/figure>\n\n\n\n<figure class=\"wp-block-image size-image-480 is-style-rounded is-style-rounded--16\"><img decoding=\"async\" width=\"480\" height=\"480\" data-id=\"15821\" src=\"https:\/\/www.schepers-photography.de\/wp-content\/uploads\/2023\/08\/gartenmarkt_maikammer_2023_0271_klein-480x480.jpg\" alt=\"Einmal Zitronenlimonade bitte ;) | Maikammer feiert Pf\u00e4lzer Gartenmarkt 2023 | Werbe und Reportagefotograf Schepers\" class=\"wp-image-15821\" srcset=\"https:\/\/www.schepers-photography.de\/wp-content\/uploads\/2023\/08\/gartenmarkt_maikammer_2023_0271_klein-480x480.jpg 480w, https:\/\/www.schepers-photography.de\/wp-content\/uploads\/2023\/08\/gartenmarkt_maikammer_2023_0271_klein-300x300.jpg 300w, https:\/\/www.schepers-photography.de\/wp-content\/uploads\/2023\/08\/gartenmarkt_maikammer_2023_0271_klein-1024x1024.jpg 1024w, https:\/\/www.schepers-photography.de\/wp-content\/uploads\/2023\/08\/gartenmarkt_maikammer_2023_0271_klein-150x150.jpg 150w, https:\/\/www.schepers-photography.de\/wp-content\/uploads\/2023\/08\/gartenmarkt_maikammer_2023_0271_klein-768x768.jpg 768w, https:\/\/www.schepers-photography.de\/wp-content\/uploads\/2023\/08\/gartenmarkt_maikammer_2023_0271_klein-60x60.jpg 60w, https:\/\/www.schepers-photography.de\/wp-content\/uploads\/2023\/08\/gartenmarkt_maikammer_2023_0271_klein-560x560.jpg 560w, https:\/\/www.schepers-photography.de\/wp-content\/uploads\/2023\/08\/gartenmarkt_maikammer_2023_0271_klein-1536x1536.jpg 1536w, https:\/\/www.schepers-photography.de\/wp-content\/uploads\/2023\/08\/gartenmarkt_maikammer_2023_0271_klein-12x12.jpg 12w, https:\/\/www.schepers-photography.de\/wp-content\/uploads\/2023\/08\/gartenmarkt_maikammer_2023_0271_klein.jpg 1600w\" sizes=\"(max-width: 480px) 100vw, 480px\" \/><\/figure>\n\n\n\n<figure class=\"wp-block-image size-image-480 is-style-rounded is-style-rounded--17\"><img decoding=\"async\" width=\"480\" height=\"480\" data-id=\"15817\" src=\"https:\/\/www.schepers-photography.de\/wp-content\/uploads\/2023\/08\/gartenmarkt_maikammer_2023_0299_klein-480x480.jpg\" alt=\"Einmal Zitronenlimonade bitte ;) | Maikammer feiert Pf\u00e4lzer Gartenmarkt 2023 | Werbe und Reportagefotograf Schepers\" class=\"wp-image-15817\" srcset=\"https:\/\/www.schepers-photography.de\/wp-content\/uploads\/2023\/08\/gartenmarkt_maikammer_2023_0299_klein-480x480.jpg 480w, https:\/\/www.schepers-photography.de\/wp-content\/uploads\/2023\/08\/gartenmarkt_maikammer_2023_0299_klein-300x300.jpg 300w, https:\/\/www.schepers-photography.de\/wp-content\/uploads\/2023\/08\/gartenmarkt_maikammer_2023_0299_klein-1024x1024.jpg 1024w, https:\/\/www.schepers-photography.de\/wp-content\/uploads\/2023\/08\/gartenmarkt_maikammer_2023_0299_klein-150x150.jpg 150w, https:\/\/www.schepers-photography.de\/wp-content\/uploads\/2023\/08\/gartenmarkt_maikammer_2023_0299_klein-768x768.jpg 768w, https:\/\/www.schepers-photography.de\/wp-content\/uploads\/2023\/08\/gartenmarkt_maikammer_2023_0299_klein-60x60.jpg 60w, https:\/\/www.schepers-photography.de\/wp-content\/uploads\/2023\/08\/gartenmarkt_maikammer_2023_0299_klein-560x560.jpg 560w, https:\/\/www.schepers-photography.de\/wp-content\/uploads\/2023\/08\/gartenmarkt_maikammer_2023_0299_klein-1536x1536.jpg 1536w, https:\/\/www.schepers-photography.de\/wp-content\/uploads\/2023\/08\/gartenmarkt_maikammer_2023_0299_klein-12x12.jpg 12w, https:\/\/www.schepers-photography.de\/wp-content\/uploads\/2023\/08\/gartenmarkt_maikammer_2023_0299_klein.jpg 1600w\" sizes=\"(max-width: 480px) 100vw, 480px\" \/><\/figure>\n<\/figure>\n<\/div>\n<\/div>\n<\/div>\n\n\n\n<div class=\"wp-block-group has-global-padding is-layout-constrained wp-block-group-is-layout-constrained\" style=\"padding-top:var(--wp--preset--spacing--80);padding-bottom:var(--wp--preset--spacing--50)\">\n<blockquote class=\"wp-block-quote is-style-default is-layout-flow wp-block-quote-is-layout-flow\">\n<div class=\"wp-block-werbesofa-core-icon\"><\/div>\n\n\n\n<p class=\"has-large-font-size\"><em>Die Welt drau\u00dfen, besonders Orte wie der Gartenmarkt in Maikammer, wartet nur darauf, entdeckt zu werden. Jeder Schritt, jede Begegnung ist eine neue Geschichte.<br>Ein Besuch lohnt sich!<\/em><\/p>\n<cite><mark style=\"background-color:rgba(0, 0, 0, 0);color:#999999\" class=\"has-inline-color\">Michael Schepers<\/mark><\/cite><\/blockquote>\n\n\n\n<div class=\"wp-block-werbesofa-core-spacer top left\" style=\"color:#94c11f;height:6rem\"><svg xmlns=\"http:\/\/www.w3.org\/2000\/svg\" viewBox=\"0 0 1440 320\" preserveAspectRatio=\"none\"><path fill=\"currentColor\" fill-opacity=\"1\" d=\"M0,160L48,144C96,128,192,96,288,96C384,96,480,128,576,122.7C672,117,768,75,864,96C960,117,1056,203,1152,229.3C1248,256,1344,224,1392,208L1440,192L1440,320L1392,320C1344,320,1248,320,1152,320C1056,320,960,320,864,320C768,320,672,320,576,320C480,320,384,320,288,320C192,320,96,320,48,320L0,320Z\"><\/path><\/svg><\/div>\n<\/div>\n\n\n\n<div class=\"wp-block-group has-global-padding is-layout-constrained wp-block-group-is-layout-constrained\" style=\"padding-top:var(--wp--preset--spacing--40);padding-bottom:var(--wp--preset--spacing--80)\">\n<figure class=\"wp-block-image aligncenter size-full\"><img decoding=\"async\" width=\"370\" height=\"103\" src=\"https:\/\/www.schepers-photography.de\/wp-content\/uploads\/2023\/08\/schnacken2.png\" alt=\"schnacken2\" class=\"wp-image-15807\" srcset=\"https:\/\/www.schepers-photography.de\/wp-content\/uploads\/2023\/08\/schnacken2.png 370w, https:\/\/www.schepers-photography.de\/wp-content\/uploads\/2023\/08\/schnacken2-300x84.png 300w, https:\/\/www.schepers-photography.de\/wp-content\/uploads\/2023\/08\/schnacken2-60x17.png 60w, https:\/\/www.schepers-photography.de\/wp-content\/uploads\/2023\/08\/schnacken2-18x5.png 18w\" sizes=\"(max-width: 370px) 100vw, 370px\" \/><\/figure>\n\n\n\n<div class=\"wp-block-buttons is-content-justification-center is-layout-flex wp-container-core-buttons-is-layout-a89b3969 wp-block-buttons-is-layout-flex\">\n<div class=\"wp-block-button\"><a class=\"wp-block-button__link wp-element-button\" href=\"https:\/\/www.schepers-photography.de\/kontakt\/\">Kontakt<\/a><\/div>\n<\/div>\n<\/div>\n\n\n\n","protected":false},"excerpt":{"rendered":"<p>Under blue skies and high temperatures, people stroll through the village with magnificent flowers and stately pots. The garden market in Maikammer 2023<\/p>","protected":false},"author":1,"featured_media":15730,"comment_status":"closed","ping_status":"closed","sticky":false,"template":"","format":"standard","meta":{"_seopress_robots_primary_cat":"none","_seopress_titles_title":"Erfrischung pur: Limonade zum Fr\u00fchst\u00fcck in Maikammer","_seopress_titles_desc":"Genie\u00dfen Sie die bunte Vielfalt beim Gartenmarkt Maikammer. Entdecken Sie exotische Pflanzen, erfrischende Limonade und das mediterrane Paradies!","_seopress_robots_index":"","postgrid_pro_post_meta_color":"#426b1d","postgrid_pro_post_meta_text_color":"#FFF","werbesofa_core_post_meta_password_title":"","werbesofa_core_post_meta_password_text":"","footnotes":""},"categories":[113,14],"tags":[],"class_list":{"0":"post-23416","1":"post","2":"type-post","3":"status-publish","4":"format-standard","5":"has-post-thumbnail","7":"category-news","8":"category-reportage"},"_links":{"self":[{"href":"https:\/\/www.schepers-photography.de\/en\/wp-json\/wp\/v2\/posts\/23416","targetHints":{"allow":["GET"]}}],"collection":[{"href":"https:\/\/www.schepers-photography.de\/en\/wp-json\/wp\/v2\/posts"}],"about":[{"href":"https:\/\/www.schepers-photography.de\/en\/wp-json\/wp\/v2\/types\/post"}],"author":[{"embeddable":true,"href":"https:\/\/www.schepers-photography.de\/en\/wp-json\/wp\/v2\/users\/1"}],"replies":[{"embeddable":true,"href":"https:\/\/www.schepers-photography.de\/en\/wp-json\/wp\/v2\/comments?post=23416"}],"version-history":[{"count":5,"href":"https:\/\/www.schepers-photography.de\/en\/wp-json\/wp\/v2\/posts\/23416\/revisions"}],"predecessor-version":[{"id":86789,"href":"https:\/\/www.schepers-photography.de\/en\/wp-json\/wp\/v2\/posts\/23416\/revisions\/86789"}],"wp:featuredmedia":[{"embeddable":true,"href":"https:\/\/www.schepers-photography.de\/en\/wp-json\/wp\/v2\/media\/15730"}],"wp:attachment":[{"href":"https:\/\/www.schepers-photography.de\/en\/wp-json\/wp\/v2\/media?parent=23416"}],"wp:term":[{"taxonomy":"category","embeddable":true,"href":"https:\/\/www.schepers-photography.de\/en\/wp-json\/wp\/v2\/categories?post=23416"},{"taxonomy":"post_tag","embeddable":true,"href":"https:\/\/www.schepers-photography.de\/en\/wp-json\/wp\/v2\/tags?post=23416"}],"curies":[{"name":"wp","href":"https:\/\/api.w.org\/{rel}","templated":true}]}}