{"id":23387,"date":"2023-04-28T02:19:00","date_gmt":"2023-04-28T00:19:00","guid":{"rendered":"https:\/\/www.schepers-photography.de\/?p=23387"},"modified":"2026-04-27T15:16:40","modified_gmt":"2026-04-27T13:16:40","slug":"adac-ludwigshafen-christoph5-reportage-fly-in-a-helicopter","status":"publish","type":"post","link":"https:\/\/www.schepers-photography.de\/en\/adac-ludwigshafen-christoph5-reportage-fliege-mit-im-hubschrauber\/","title":{"rendered":"ADAC Ludwigshafen | Christoph5 Reportage | Fly with us in the helicopter"},"content":{"rendered":"\n<div class=\"wp-block-group has-global-padding is-layout-constrained wp-block-group-is-layout-constrained\">\n<div class=\"wp-block-themepunch-revslider revslider\" data-modal=\"false\" data-slidertitle=\"ADAC-CHRISTOPH 5 PANORAMA\" style=\"\">\n\t\t\t\t<p class=\"rs-p-wp-fix\"><\/p>\n\t\t\t\t<sr7-module data-alias=\"adac\" data-id=\"1\" id=\"SR7_1_1\" class=\"rs-ov-hidden\" data-version=\"6.7.54\">\n\t\t\t\t\t<sr7-adjuster><\/sr7-adjuster>\n\t\t\t\t\t<sr7-content>\n\t\t\t\t\t\t<sr7-slide id=\"SR7_1_1-1\" data-key=\"1\">\n\t\t\t\t\t\t\t<sr7-bg id=\"SR7_1_1-1-25\" class=\"sr7-layer\"><noscript><img decoding=\"async\" src=\"https:\/\/www.schepers-photography.de\/wp-content\/uploads\/revslider\/adac\/Cockpit-scaled.jpg\" alt=\"Helikopterpiloten im Cockpit w\u00e4hrend des Flugs\" title=\"Cockpit-scaled.jpg\"><\/noscript><\/sr7-bg>\n\t\t\t\t\t\t\t<sr7-txt id=\"SR7_1_1-1-1\" class=\"sr7-layer\">NEW<\/sr7-txt>\n\t\t\t\t\t\t\t<sr7-txt id=\"SR7_1_1-1-2\" class=\"sr7-layer\">Christoph 5 - ADAC<\/sr7-txt>\n\t\t\t\t\t\t\t<sr7-txt id=\"SR7_1_1-1-15\" class=\"sr7-layer\">Panorama des Fluges, Reportage ADAC. <\/sr7-txt>\n\t\t\t\t\t\t\t<sr7-txt id=\"SR7_1_1-1-16\" class=\"sr7-layer\">Im Jahr 2015\/2016. <\/sr7-txt>\n\t\t\t\t\t\t\t<sr7-txt id=\"SR7_1_1-1-22\" class=\"sr7-layer\"><i class=\"fa-arrows-h\"><\/i><\/sr7-txt>\n\t\t\t\t\t\t\t<sr7-txt id=\"SR7_1_1-1-23\" class=\"sr7-layer\"><i class=\"fa-hand-o-up\"><\/i><\/sr7-txt>\n\t\t\t\t\t\t<\/sr7-slide>\n\t\t\t\t\t\t<sr7-slide id=\"SR7_1_1-4\" data-key=\"4\">\n\t\t\t\t\t\t\t<sr7-txt id=\"SR7_1_1-4-7\" class=\"sr7-layer\">+<\/sr7-txt>\n\t\t\t\t\t\t\t<sr7-txt id=\"SR7_1_1-4-36\" class=\"sr7-layer\">+<\/sr7-txt>\n\t\t\t\t\t\t\t<sr7-txt id=\"SR7_1_1-4-37\" class=\"sr7-layer\">+<\/sr7-txt>\n\t\t\t\t\t\t\t<sr7-txt id=\"SR7_1_1-4-38\" class=\"sr7-layer\">-<\/sr7-txt>\n\t\t\t\t\t\t\t<sr7-txt id=\"SR7_1_1-4-39\" class=\"sr7-layer\">\u21c8<\/sr7-txt>\n\t\t\t\t\t\t\t<sr7-txt id=\"SR7_1_1-4-40\" class=\"sr7-layer\">\u21ca<\/sr7-txt>\n\t\t\t\t\t\t\t<sr7-txt id=\"SR7_1_1-4-41\" class=\"sr7-layer\">\u23ee<\/sr7-txt>\n\t\t\t\t\t\t\t<sr7-txt id=\"SR7_1_1-4-42\" class=\"sr7-layer\">\u23ed<\/sr7-txt>\n\t\t\t\t\t\t<\/sr7-slide>\n\t\t\t\t\t<\/sr7-content>\n\t\t\t\t\t<image_lists style=\"display:none\">\n\t\t\t\t\t\t<img data-src=\"\/\/www.schepers-photography.de\/wp-content\/uploads\/revslider\/adac\/Cockpit-scaled.jpg\" data-libid=\"23482\" data-lib=\"medialibrary\" alt=\"Helikopterpiloten im Cockpit w\u00e4hrend des Flugs\" title=\"Cockpit-scaled.jpg\" width=\"0\" height=\"0\" data-dbsrc=\"Ly93d3cuc2NoZXBlcnMtcGhvdG9ncmFwaHkuZGUvd3AtY29udGVudC91cGxvYWRzL3JldnNsaWRlci9hZGFjL0NvY2twaXQtc2NhbGVkLmpwZw==\"\/>\n\t\t\t\t\t<\/image_lists>\n\t\t\t\t<\/sr7-module>\n\t\t\t\t<script>\n\t\t\t\t\twindow.SR7 ??={};SR7.PMH ??={}; SR7.PMH[\"SR7_1_1\"] = {cn:100,state:false,fn: function() { if (window._tpt!==undefined && window._tpt.prepareModuleHeight !== undefined) {  _tpt.prepareModuleHeight({id:\"SR7_1_1\",el:[1000,1000,1000,800,700],type:'standard',shdw:'0',gh:[1000,1000,1000,800,700],gw:[1240,1240,1240,778,480],vpt:['-100px&#039;,&#039;-100px&#039;,&#039;-100px&#039;,&#039;-100px&#039;,&#039;-100px'],size:{fullWidth:true, fullHeight:false},mh:'0',onh:0,onw:0,bg:{color:'{\"type\":\"solid\",\"orig\":\"#dddddd\",\"string\":\"rgba(221, 221, 221, 1)\"}'},plType:'5',plColor:'#333333'});   SR7.PMH[\"SR7_1_1\"].state=true;} else if(SR7.PMH[\"SR7_1_1\"].cn-->0)\tsetTimeout( SR7.PMH[\"SR7_1_1\"].fn,19);}};SR7.PMH[\"SR7_1_1\" ].fn();\n\t\t\t\t<\/script>\n<\/div>\n<\/div>\n\n\n\n<div class=\"wp-block-group has-global-padding is-layout-constrained wp-block-group-is-layout-constrained\" style=\"padding-top:var(--wp--preset--spacing--80);padding-bottom:var(--wp--preset--spacing--80)\">\n<div class=\"wp-block-columns alignwide is-layout-flex wp-container-core-columns-is-layout-f3a7ff92 wp-block-columns-is-layout-flex\">\n<div class=\"wp-block-column is-layout-flow wp-container-core-column-is-layout-119bc444 wp-block-column-is-layout-flow\">\n<h2 class=\"wp-block-heading has-extra-large-font-size\" style=\"font-style:normal;font-weight:600\">\u00dcber den Wolken \u2013 Mein atemberaubendes 360-Grad-Equirectangular-Panorama ADAC Christoph 5<\/h2>\n\n\n\n<p class=\"has-large-font-size\" style=\"font-style:normal;font-weight:500\">Eine Reportagefotograf begleitet den Rettungshubschrauber Christoph 5 aus Ludwigshafen.<\/p>\n\n\n\n<p>Als Fotograf und Foto-Abenteurer aus R\u00f6merberg und Limburgerhof f\u00fchlte ich mich dazu berufen, die Sch\u00f6nheit unserer Erde aus einer einzigartigen Perspektive einzufangen. Meine Kamera, eine Spiegelreflexkamera, und eine spezielle Weitwinkeloptik waren meine Werkzeuge, um dieses ehrgeizige Projekt zu realisieren. Ich war fest entschlossen, ein atemberaubendes 360-Grad-Equirectangular-Panorama im Hubschrauber auf dem Nebensitz zu erschaffen.&nbsp;<\/p>\n\n\n\n<p>Heutzutage ist dies sicherlich weitaus einfacher aber vor 5-10Jahren war die Technik noch nicht so weit wie heute.&nbsp;<\/p>\n\n\n\n<p>Die Herausforderungen, die mich erwarteten, waren nicht zu untersch\u00e4tzen. Von hoch oben aus der Vogelperspektive bot sich mir eine Aussicht, die mir den Atem raubte. Ich war \u00fcberw\u00e4ltigt von der Gro\u00dfartigkeit der Natur und dem Privileg, diese Momente festhalten zu d\u00fcrfen. Nat\u00fcrlich jetzt f\u00fcr alle.&nbsp;<\/p>\n\n\n\n<p>Meine Kamera klickte, um die perfekten Momente einzufangen \u2013 wenn das Licht die Landschaft in ein goldenes Gl\u00fchen tauchte und die Wolken sich m\u00fchelos um uns herum bewegten. Zur\u00fcck am Boden hatte ich eine F\u00fclle von Einzelbildern, die ich zu einem harmonischen Ganzen zusammenf\u00fcgen musste.&nbsp;<\/p>\n\n\n\n<p>Die Durchf\u00fchrung des Projekts war komplex und erforderte einen betr\u00e4chtlichen Zeitaufwand, gekennzeichnet durch innovative Methoden und pr\u00e4zise Umsetzung. Mit der Verkn\u00fcpfung von drei erstklassigen Aufnahmen durch hochentwickelte Bildverarbeitungsalgorithmen entstand ein nahtloses 360-Grad-Equirectangular-Panorama, das die \u00e4sthetischen Qualit\u00e4ten der Umgebung in einem technologisch fortgeschrittenen Format darstellte.<\/p>\n<\/div>\n\n\n\n<div class=\"wp-block-column is-layout-flow wp-container-core-column-is-layout-119bc444 wp-block-column-is-layout-flow\">\n<p>Das Endprodukt, ein beeindruckendes 360-Grad-Equirectangular-Panorama.<\/p>\n\n\n\n<p>Dieses Foto ist sicherlich der Beweis f\u00fcr die fortschrittlichen F\u00e4higkeiten der modernen Fotografie und die nahezu unbegrenzten M\u00f6glichkeiten, die durch die Verwendung modernster Technologie und Innovationen zur Verf\u00fcgung stehen. Die Entwicklung dieses Panoramas war ein lehrreiches Unterfangen, das den Stand der Technik in der fotografischen Landschaft demonstriert hat. Es hat mir aufgezeigt, dass in der Welt der Fotografie die einzigen Grenzen die der eigenen Vorstellungskraft sind. Das betrachten der fertigen Arbeit wird immer eine Erinnerung sein, dass ich Teil eines technologisch anspruchsvollen Prozesses war, der in der Lage ist, die Sch\u00f6nheit der Welt auf eine Weise einzufangen, die sowohl technisch als auch k\u00fcnstlerisch beispielhaft ist.<\/p>\n\n\n\n<blockquote class=\"wp-block-quote is-style-default is-layout-flow wp-block-quote-is-layout-flow\">\n<div class=\"wp-block-werbesofa-core-icon\"><?xml version=\"1.0\"?>\n<svg style=\"height: 3rem; width: 3rem;\" xmlns=\"http:\/\/www.w3.org\/2000\/svg\" viewBox=\"0 0 32 32\" fill=\"currentColor\"><path d=\"M6.6 19.24c-.66 1.66-1.7 3.3-3.09 4.88-.44.5-.5 1.22-.14 1.78.28.44.74.68 1.24.68.14 0 .28-.01.42-.06 2.94-.86 9.81-3.91 10-13.69.07-3.77-2.69-7.01-6.28-7.38-1.99-.2-3.97.45-5.44 1.77A7.038 7.038 0 0 0 1 12.43c0 3.3 2.34 6.19 5.6 6.81zM24.71 5.45c-1.98-.2-3.96.45-5.43 1.77a7.037 7.037 0 0 0-2.31 5.21c0 3.3 2.34 6.19 5.6 6.81-.66 1.66-1.7 3.3-3.09 4.88-.44.5-.5 1.22-.14 1.78.28.44.74.68 1.24.68.14 0 .28-.01.42-.06 2.94-.86 9.81-3.91 10-13.69v-.14c0-3.71-2.73-6.87-6.29-7.24z\" fill=\"currentColor\"\/><\/svg>\n<\/div>\n\n\n\n<p class=\"has-large-font-size\"><em>Ich empfinde eine tiefe Dankbarkeit und Anerkennung f\u00fcr die Gelegenheit, solche Momente nicht nur f\u00fcr mich selbst, sondern auch f\u00fcr andere Menschen einfangen zu d\u00fcrfen. Diese Aufgabe \u00fcbersteigt das blo\u00dfe technische K\u00f6nnen; sie verbindet Kunst und Wissenschaft, um etwas Einzigartiges und Unvergessliches zu schaffen.<\/em><br><br><em>In der fotografischen Praxis, insbesondere bei der Erstellung von Panoramen, verwebt man sowohl die Prinzipien der Optik als auch die der Informatik. Die Auswahl der richtigen Brennweite, die pr\u00e4zise Ausrichtung der Kameras und die Ber\u00fccksichtigung von Belichtung und Farbgleichgewicht sind ebenso von Bedeutung wie die Anwendung von Algorithmen zur Nahtoptimierung und Bildfusion.<\/em><\/p>\n<cite><mark style=\"background-color:rgba(0, 0, 0, 0);color:#999999\" class=\"has-inline-color\">Michael Schepers<\/mark><\/cite><\/blockquote>\n<\/div>\n<\/div>\n<\/div>\n","protected":false},"excerpt":{"rendered":"<p>Above the clouds - A breathtaking 360-degree equirectangular panorama for the ADAC Ludwigshafen. <\/p>","protected":false},"author":1,"featured_media":86824,"comment_status":"closed","ping_status":"closed","sticky":false,"template":"","format":"standard","meta":{"_seopress_robots_primary_cat":"none","_seopress_titles_title":"Atemberaubendes 360-Grad-Panorama im Rettungshubschrauber","_seopress_titles_desc":"Erleben Sie die Vogelperspektive mit einem einzigartigen 360-Grad-Panorama \u00fcber Ludwigshafen. Tauchen Sie ein in die Sch\u00f6nheit unserer Erde.","_seopress_robots_index":"","postgrid_pro_post_meta_color":"#020000","postgrid_pro_post_meta_text_color":"#FFF","werbesofa_core_post_meta_password_title":"","werbesofa_core_post_meta_password_text":"","footnotes":""},"categories":[14],"tags":[],"class_list":{"0":"post-23387","1":"post","2":"type-post","3":"status-publish","4":"format-standard","5":"has-post-thumbnail","7":"category-reportage"},"_links":{"self":[{"href":"https:\/\/www.schepers-photography.de\/en\/wp-json\/wp\/v2\/posts\/23387","targetHints":{"allow":["GET"]}}],"collection":[{"href":"https:\/\/www.schepers-photography.de\/en\/wp-json\/wp\/v2\/posts"}],"about":[{"href":"https:\/\/www.schepers-photography.de\/en\/wp-json\/wp\/v2\/types\/post"}],"author":[{"embeddable":true,"href":"https:\/\/www.schepers-photography.de\/en\/wp-json\/wp\/v2\/users\/1"}],"replies":[{"embeddable":true,"href":"https:\/\/www.schepers-photography.de\/en\/wp-json\/wp\/v2\/comments?post=23387"}],"version-history":[{"count":3,"href":"https:\/\/www.schepers-photography.de\/en\/wp-json\/wp\/v2\/posts\/23387\/revisions"}],"predecessor-version":[{"id":86791,"href":"https:\/\/www.schepers-photography.de\/en\/wp-json\/wp\/v2\/posts\/23387\/revisions\/86791"}],"wp:featuredmedia":[{"embeddable":true,"href":"https:\/\/www.schepers-photography.de\/en\/wp-json\/wp\/v2\/media\/86824"}],"wp:attachment":[{"href":"https:\/\/www.schepers-photography.de\/en\/wp-json\/wp\/v2\/media?parent=23387"}],"wp:term":[{"taxonomy":"category","embeddable":true,"href":"https:\/\/www.schepers-photography.de\/en\/wp-json\/wp\/v2\/categories?post=23387"},{"taxonomy":"post_tag","embeddable":true,"href":"https:\/\/www.schepers-photography.de\/en\/wp-json\/wp\/v2\/tags?post=23387"}],"curies":[{"name":"wp","href":"https:\/\/api.w.org\/{rel}","templated":true}]}}